{"id":37641,"date":"2024-06-09T15:46:45","date_gmt":"2024-06-09T15:46:45","guid":{"rendered":"https:\/\/przedszkole12.sopot.pl\/?p=37641"},"modified":"2024-06-09T15:46:45","modified_gmt":"2024-06-09T15:46:45","slug":"konkurs-plastyczny","status":"publish","type":"post","link":"https:\/\/przedszkole12.sopot.pl\/?p=37641","title":{"rendered":"Konkurs plastyczny"},"content":{"rendered":"<p>Nasze dzieci bra\u0142y udzia\u0142 w konkursie plastycznym inspirowanym literatur\u0105 dzieci\u0119c\u0105 pt.: &#8222;Mali Sopocianie &#8211; Przyjaciele Przyrody&#8221; \ud83d\ude42<!--more--><\/p>\n\n\t\t<style type=\"text\/css\">\n\t\t\t#gallery-1 {\n\t\t\t\tmargin: auto;\n\t\t\t}\n\t\t\t#gallery-1 .gallery-item {\n\t\t\t\tfloat: left;\n\t\t\t\tmargin-top: 10px;\n\t\t\t\ttext-align: center;\n\t\t\t\twidth: 33%;\n\t\t\t}\n\t\t\t#gallery-1 img {\n\t\t\t\tborder: 2px solid #cfcfcf;\n\t\t\t}\n\t\t\t#gallery-1 .gallery-caption {\n\t\t\t\tmargin-left: 0;\n\t\t\t}\n\t\t\t\/* see gallery_shortcode() in wp-includes\/media.php *\/\n\t\t<\/style>\n\t\t<div id='gallery-1' class='gallery galleryid-37641 gallery-columns-3 gallery-size-thumbnail'><dl class='gallery-item'>\n\t\t\t<dt class='gallery-icon landscape'>\n\t\t\t\t<a href='https:\/\/przedszkole12.sopot.pl\/?attachment_id=37642'><img width=\"250\" height=\"250\" src=\"https:\/\/przedszkole12.sopot.pl\/wp-content\/uploads\/2024\/06\/IMG_20240517_133952_tucVPVIp4K-250x250.jpeg\" class=\"attachment-thumbnail size-thumbnail\" alt=\"\" loading=\"lazy\" srcset=\"https:\/\/przedszkole12.sopot.pl\/wp-content\/uploads\/2024\/06\/IMG_20240517_133952_tucVPVIp4K-250x250.jpeg 250w, https:\/\/przedszkole12.sopot.pl\/wp-content\/uploads\/2024\/06\/IMG_20240517_133952_tucVPVIp4K-380x380.jpeg 380w, https:\/\/przedszkole12.sopot.pl\/wp-content\/uploads\/2024\/06\/IMG_20240517_133952_tucVPVIp4K-1024x1024.jpeg 1024w, https:\/\/przedszkole12.sopot.pl\/wp-content\/uploads\/2024\/06\/IMG_20240517_133952_tucVPVIp4K-768x768.jpeg 768w, https:\/\/przedszkole12.sopot.pl\/wp-content\/uploads\/2024\/06\/IMG_20240517_133952_tucVPVIp4K.jpeg 1500w\" sizes=\"(max-width: 250px) 100vw, 250px\" \/><\/a>\n\t\t\t<\/dt><\/dl><dl class='gallery-item'>\n\t\t\t<dt class='gallery-icon landscape'>\n\t\t\t\t<a href='https:\/\/przedszkole12.sopot.pl\/?attachment_id=37643'><img width=\"250\" height=\"250\" src=\"https:\/\/przedszkole12.sopot.pl\/wp-content\/uploads\/2024\/06\/IMG_20240517_134022_d5zDT8Ch4t-250x250.jpeg\" class=\"attachment-thumbnail size-thumbnail\" alt=\"\" loading=\"lazy\" srcset=\"https:\/\/przedszkole12.sopot.pl\/wp-content\/uploads\/2024\/06\/IMG_20240517_134022_d5zDT8Ch4t-250x250.jpeg 250w, https:\/\/przedszkole12.sopot.pl\/wp-content\/uploads\/2024\/06\/IMG_20240517_134022_d5zDT8Ch4t-380x380.jpeg 380w, https:\/\/przedszkole12.sopot.pl\/wp-content\/uploads\/2024\/06\/IMG_20240517_134022_d5zDT8Ch4t-1024x1024.jpeg 1024w, https:\/\/przedszkole12.sopot.pl\/wp-content\/uploads\/2024\/06\/IMG_20240517_134022_d5zDT8Ch4t-768x768.jpeg 768w, https:\/\/przedszkole12.sopot.pl\/wp-content\/uploads\/2024\/06\/IMG_20240517_134022_d5zDT8Ch4t.jpeg 1500w\" sizes=\"(max-width: 250px) 100vw, 250px\" \/><\/a>\n\t\t\t<\/dt><\/dl><dl class='gallery-item'>\n\t\t\t<dt class='gallery-icon landscape'>\n\t\t\t\t<a href='https:\/\/przedszkole12.sopot.pl\/?attachment_id=37644'><img width=\"250\" height=\"250\" src=\"https:\/\/przedszkole12.sopot.pl\/wp-content\/uploads\/2024\/06\/IMG_20240517_134024_3vcOO2Iu9k-250x250.jpeg\" class=\"attachment-thumbnail size-thumbnail\" alt=\"\" loading=\"lazy\" srcset=\"https:\/\/przedszkole12.sopot.pl\/wp-content\/uploads\/2024\/06\/IMG_20240517_134024_3vcOO2Iu9k-250x250.jpeg 250w, https:\/\/przedszkole12.sopot.pl\/wp-content\/uploads\/2024\/06\/IMG_20240517_134024_3vcOO2Iu9k-380x380.jpeg 380w, https:\/\/przedszkole12.sopot.pl\/wp-content\/uploads\/2024\/06\/IMG_20240517_134024_3vcOO2Iu9k-1024x1024.jpeg 1024w, https:\/\/przedszkole12.sopot.pl\/wp-content\/uploads\/2024\/06\/IMG_20240517_134024_3vcOO2Iu9k-768x768.jpeg 768w, https:\/\/przedszkole12.sopot.pl\/wp-content\/uploads\/2024\/06\/IMG_20240517_134024_3vcOO2Iu9k.jpeg 1500w\" sizes=\"(max-width: 250px) 100vw, 250px\" \/><\/a>\n\t\t\t<\/dt><\/dl><br style=\"clear: both\" \/><dl class='gallery-item'>\n\t\t\t<dt class='gallery-icon landscape'>\n\t\t\t\t<a href='https:\/\/przedszkole12.sopot.pl\/?attachment_id=37645'><img width=\"250\" height=\"250\" src=\"https:\/\/przedszkole12.sopot.pl\/wp-content\/uploads\/2024\/06\/IMG_20240520_070834_QET7HsDH5w-250x250.jpeg\" class=\"attachment-thumbnail size-thumbnail\" alt=\"\" loading=\"lazy\" srcset=\"https:\/\/przedszkole12.sopot.pl\/wp-content\/uploads\/2024\/06\/IMG_20240520_070834_QET7HsDH5w-250x250.jpeg 250w, https:\/\/przedszkole12.sopot.pl\/wp-content\/uploads\/2024\/06\/IMG_20240520_070834_QET7HsDH5w-380x380.jpeg 380w, https:\/\/przedszkole12.sopot.pl\/wp-content\/uploads\/2024\/06\/IMG_20240520_070834_QET7HsDH5w-1024x1024.jpeg 1024w, https:\/\/przedszkole12.sopot.pl\/wp-content\/uploads\/2024\/06\/IMG_20240520_070834_QET7HsDH5w-768x768.jpeg 768w, https:\/\/przedszkole12.sopot.pl\/wp-content\/uploads\/2024\/06\/IMG_20240520_070834_QET7HsDH5w.jpeg 1500w\" sizes=\"(max-width: 250px) 100vw, 250px\" \/><\/a>\n\t\t\t<\/dt><\/dl>\n\t\t\t<br style='clear: both' \/>\n\t\t<\/div>\n\n","protected":false},"excerpt":{"rendered":"<p>Nasze dzieci bra\u0142y udzia\u0142 w konkursie plastycznym inspirowanym literatur\u0105 dzieci\u0119c\u0105 pt.: &#8222;Mali Sopocianie &#8211; Przyjaciele Przyrody&#8221; \ud83d\ude42<\/p>\n","protected":false},"author":4,"featured_media":0,"comment_status":"closed","ping_status":"closed","sticky":false,"template":"","format":"standard","meta":[],"categories":[84],"tags":[],"_links":{"self":[{"href":"https:\/\/przedszkole12.sopot.pl\/index.php?rest_route=\/wp\/v2\/posts\/37641"}],"collection":[{"href":"https:\/\/przedszkole12.sopot.pl\/index.php?rest_route=\/wp\/v2\/posts"}],"about":[{"href":"https:\/\/przedszkole12.sopot.pl\/index.php?rest_route=\/wp\/v2\/types\/post"}],"author":[{"embeddable":true,"href":"https:\/\/przedszkole12.sopot.pl\/index.php?rest_route=\/wp\/v2\/users\/4"}],"replies":[{"embeddable":true,"href":"https:\/\/przedszkole12.sopot.pl\/index.php?rest_route=%2Fwp%2Fv2%2Fcomments&post=37641"}],"version-history":[{"count":1,"href":"https:\/\/przedszkole12.sopot.pl\/index.php?rest_route=\/wp\/v2\/posts\/37641\/revisions"}],"predecessor-version":[{"id":37646,"href":"https:\/\/przedszkole12.sopot.pl\/index.php?rest_route=\/wp\/v2\/posts\/37641\/revisions\/37646"}],"wp:attachment":[{"href":"https:\/\/przedszkole12.sopot.pl\/index.php?rest_route=%2Fwp%2Fv2%2Fmedia&parent=37641"}],"wp:term":[{"taxonomy":"category","embeddable":true,"href":"https:\/\/przedszkole12.sopot.pl\/index.php?rest_route=%2Fwp%2Fv2%2Fcategories&post=37641"},{"taxonomy":"post_tag","embeddable":true,"href":"https:\/\/przedszkole12.sopot.pl\/index.php?rest_route=%2Fwp%2Fv2%2Ftags&post=37641"}],"curies":[{"name":"wp","href":"https:\/\/api.w.org\/{rel}","templated":true}]}}