{"id":37580,"date":"2024-06-05T12:18:50","date_gmt":"2024-06-05T12:18:50","guid":{"rendered":"https:\/\/przedszkole12.sopot.pl\/?p=37580"},"modified":"2024-06-05T15:19:42","modified_gmt":"2024-06-05T15:19:42","slug":"dzien-dziecka-i-dzien-sasiada","status":"publish","type":"post","link":"https:\/\/przedszkole12.sopot.pl\/?p=37580","title":{"rendered":"Dzie\u0144  Dziecka i Dzie\u0144 S\u0105siada!"},"content":{"rendered":"<div class=\"wp-block-image\"><img loading=\"lazy\" class=\"aligncenter size-large wp-image-37581\" src=\"http:\/\/przedszkole12.sopot.pl\/wp-content\/uploads\/2024\/06\/Dzien-Dziecka-Potok-724x1024.jpg\" alt=\"\" width=\"724\" height=\"1024\" srcset=\"https:\/\/przedszkole12.sopot.pl\/wp-content\/uploads\/2024\/06\/Dzien-Dziecka-Potok-724x1024.jpg 724w, https:\/\/przedszkole12.sopot.pl\/wp-content\/uploads\/2024\/06\/Dzien-Dziecka-Potok-269x380.jpg 269w, https:\/\/przedszkole12.sopot.pl\/wp-content\/uploads\/2024\/06\/Dzien-Dziecka-Potok-768x1086.jpg 768w, https:\/\/przedszkole12.sopot.pl\/wp-content\/uploads\/2024\/06\/Dzien-Dziecka-Potok-1086x1536.jpg 1086w, https:\/\/przedszkole12.sopot.pl\/wp-content\/uploads\/2024\/06\/Dzien-Dziecka-Potok.jpg 1414w\" sizes=\"(max-width: 724px) 100vw, 724px\" \/><\/div>\n","protected":false},"excerpt":{"rendered":"","protected":false},"author":4,"featured_media":0,"comment_status":"closed","ping_status":"closed","sticky":false,"template":"","format":"standard","meta":[],"categories":[26],"tags":[],"_links":{"self":[{"href":"https:\/\/przedszkole12.sopot.pl\/index.php?rest_route=\/wp\/v2\/posts\/37580"}],"collection":[{"href":"https:\/\/przedszkole12.sopot.pl\/index.php?rest_route=\/wp\/v2\/posts"}],"about":[{"href":"https:\/\/przedszkole12.sopot.pl\/index.php?rest_route=\/wp\/v2\/types\/post"}],"author":[{"embeddable":true,"href":"https:\/\/przedszkole12.sopot.pl\/index.php?rest_route=\/wp\/v2\/users\/4"}],"replies":[{"embeddable":true,"href":"https:\/\/przedszkole12.sopot.pl\/index.php?rest_route=%2Fwp%2Fv2%2Fcomments&post=37580"}],"version-history":[{"count":1,"href":"https:\/\/przedszkole12.sopot.pl\/index.php?rest_route=\/wp\/v2\/posts\/37580\/revisions"}],"predecessor-version":[{"id":37582,"href":"https:\/\/przedszkole12.sopot.pl\/index.php?rest_route=\/wp\/v2\/posts\/37580\/revisions\/37582"}],"wp:attachment":[{"href":"https:\/\/przedszkole12.sopot.pl\/index.php?rest_route=%2Fwp%2Fv2%2Fmedia&parent=37580"}],"wp:term":[{"taxonomy":"category","embeddable":true,"href":"https:\/\/przedszkole12.sopot.pl\/index.php?rest_route=%2Fwp%2Fv2%2Fcategories&post=37580"},{"taxonomy":"post_tag","embeddable":true,"href":"https:\/\/przedszkole12.sopot.pl\/index.php?rest_route=%2Fwp%2Fv2%2Ftags&post=37580"}],"curies":[{"name":"wp","href":"https:\/\/api.w.org\/{rel}","templated":true}]}}