{"id":37513,"date":"2024-05-27T21:22:47","date_gmt":"2024-05-27T21:22:47","guid":{"rendered":"https:\/\/przedszkole12.sopot.pl\/?p=37513"},"modified":"2024-05-27T21:22:47","modified_gmt":"2024-05-27T21:22:47","slug":"dzien-dziecka-6","status":"publish","type":"post","link":"https:\/\/przedszkole12.sopot.pl\/?p=37513","title":{"rendered":"Dzie\u0144 Dziecka!"},"content":{"rendered":"<p>\u015awi\u0119towali\u015bmy dzi\u015b w grupie Dzie\u0144 Dziecka. Uroczysto\u015b\u0107 wypad\u0142a nieco wcze\u015bniej jednak dzieciaki by\u0142y zadowolone. Na drugie \u015bniadanie pa\u0142aszowali gofry z bit\u0105 \u015bmietan\u0105 i owocami oraz lody, a p\u00f3\u017aniej przyszed\u0142 czas aby spali\u0107 nieco kalorii na podw\u00f3rku. Uwie\u0144czeniem dnia by\u0142 drobny upominek. Dzieci\u0119ca laba przej\u0119\u0142a dzi\u015b nasz\u0105 grup\u0119 razem z mn\u00f3stwem \u015bmiechu i zadowolenia. \ud83d\ude42<!--more--><\/p>\n\n\t\t<style type=\"text\/css\">\n\t\t\t#gallery-1 {\n\t\t\t\tmargin: auto;\n\t\t\t}\n\t\t\t#gallery-1 .gallery-item {\n\t\t\t\tfloat: left;\n\t\t\t\tmargin-top: 10px;\n\t\t\t\ttext-align: center;\n\t\t\t\twidth: 20%;\n\t\t\t}\n\t\t\t#gallery-1 img {\n\t\t\t\tborder: 2px solid #cfcfcf;\n\t\t\t}\n\t\t\t#gallery-1 .gallery-caption {\n\t\t\t\tmargin-left: 0;\n\t\t\t}\n\t\t\t\/* see gallery_shortcode() in wp-includes\/media.php *\/\n\t\t<\/style>\n\t\t<div id='gallery-1' class='gallery galleryid-37513 gallery-columns-5 gallery-size-thumbnail'><dl class='gallery-item'>\n\t\t\t<dt class='gallery-icon landscape'>\n\t\t\t\t<a href='https:\/\/przedszkole12.sopot.pl\/?attachment_id=37514'><img width=\"250\" height=\"250\" src=\"https:\/\/przedszkole12.sopot.pl\/wp-content\/uploads\/2024\/05\/IMG_20240527_101211-N-250x250.jpg\" class=\"attachment-thumbnail size-thumbnail\" alt=\"\" loading=\"lazy\" \/><\/a>\n\t\t\t<\/dt><\/dl><dl class='gallery-item'>\n\t\t\t<dt class='gallery-icon landscape'>\n\t\t\t\t<a href='https:\/\/przedszkole12.sopot.pl\/?attachment_id=37515'><img width=\"250\" height=\"250\" src=\"https:\/\/przedszkole12.sopot.pl\/wp-content\/uploads\/2024\/05\/IMG_20240527_101233-N-250x250.jpg\" class=\"attachment-thumbnail size-thumbnail\" alt=\"\" loading=\"lazy\" \/><\/a>\n\t\t\t<\/dt><\/dl><dl class='gallery-item'>\n\t\t\t<dt class='gallery-icon landscape'>\n\t\t\t\t<a href='https:\/\/przedszkole12.sopot.pl\/?attachment_id=37516'><img width=\"250\" height=\"250\" src=\"https:\/\/przedszkole12.sopot.pl\/wp-content\/uploads\/2024\/05\/IMG_20240527_102812-N-250x250.jpg\" class=\"attachment-thumbnail size-thumbnail\" alt=\"\" loading=\"lazy\" \/><\/a>\n\t\t\t<\/dt><\/dl><dl class='gallery-item'>\n\t\t\t<dt class='gallery-icon landscape'>\n\t\t\t\t<a href='https:\/\/przedszkole12.sopot.pl\/?attachment_id=37517'><img width=\"250\" height=\"250\" src=\"https:\/\/przedszkole12.sopot.pl\/wp-content\/uploads\/2024\/05\/IMG_20240527_102815-N-250x250.jpg\" class=\"attachment-thumbnail size-thumbnail\" alt=\"\" loading=\"lazy\" \/><\/a>\n\t\t\t<\/dt><\/dl><dl class='gallery-item'>\n\t\t\t<dt class='gallery-icon landscape'>\n\t\t\t\t<a href='https:\/\/przedszkole12.sopot.pl\/?attachment_id=37518'><img width=\"250\" height=\"250\" src=\"https:\/\/przedszkole12.sopot.pl\/wp-content\/uploads\/2024\/05\/IMG_20240527_104229-N-250x250.jpg\" class=\"attachment-thumbnail size-thumbnail\" alt=\"\" loading=\"lazy\" \/><\/a>\n\t\t\t<\/dt><\/dl><br style=\"clear: both\" \/><dl class='gallery-item'>\n\t\t\t<dt class='gallery-icon landscape'>\n\t\t\t\t<a href='https:\/\/przedszkole12.sopot.pl\/?attachment_id=37519'><img width=\"250\" height=\"250\" src=\"https:\/\/przedszkole12.sopot.pl\/wp-content\/uploads\/2024\/05\/IMG_20240527_104237-N-250x250.jpg\" class=\"attachment-thumbnail size-thumbnail\" alt=\"\" loading=\"lazy\" \/><\/a>\n\t\t\t<\/dt><\/dl><dl class='gallery-item'>\n\t\t\t<dt class='gallery-icon landscape'>\n\t\t\t\t<a href='https:\/\/przedszkole12.sopot.pl\/?attachment_id=37520'><img width=\"250\" height=\"250\" src=\"https:\/\/przedszkole12.sopot.pl\/wp-content\/uploads\/2024\/05\/IMG_20240527_104254-N-250x250.jpg\" class=\"attachment-thumbnail size-thumbnail\" alt=\"\" loading=\"lazy\" \/><\/a>\n\t\t\t<\/dt><\/dl>\n\t\t\t<br style='clear: both' \/>\n\t\t<\/div>\n\n<p>&nbsp;<\/p>\n","protected":false},"excerpt":{"rendered":"<p>\u015awi\u0119towali\u015bmy dzi\u015b w grupie Dzie\u0144 Dziecka. Uroczysto\u015b\u0107 wypad\u0142a nieco wcze\u015bniej jednak dzieciaki by\u0142y zadowolone. Na drugie \u015bniadanie pa\u0142aszowali gofry z bit\u0105 \u015bmietan\u0105 i owocami oraz lody, a p\u00f3\u017aniej przyszed\u0142 czas aby spali\u0107 nieco kalorii na podw\u00f3rku. Uwie\u0144czeniem dnia by\u0142 drobny upominek. Dzieci\u0119ca laba przej\u0119\u0142a dzi\u015b nasz\u0105 grup\u0119 razem z mn\u00f3stwem \u015bmiechu i zadowolenia. \ud83d\ude42<\/p>\n","protected":false},"author":4,"featured_media":0,"comment_status":"closed","ping_status":"closed","sticky":false,"template":"","format":"standard","meta":[],"categories":[82],"tags":[],"_links":{"self":[{"href":"https:\/\/przedszkole12.sopot.pl\/index.php?rest_route=\/wp\/v2\/posts\/37513"}],"collection":[{"href":"https:\/\/przedszkole12.sopot.pl\/index.php?rest_route=\/wp\/v2\/posts"}],"about":[{"href":"https:\/\/przedszkole12.sopot.pl\/index.php?rest_route=\/wp\/v2\/types\/post"}],"author":[{"embeddable":true,"href":"https:\/\/przedszkole12.sopot.pl\/index.php?rest_route=\/wp\/v2\/users\/4"}],"replies":[{"embeddable":true,"href":"https:\/\/przedszkole12.sopot.pl\/index.php?rest_route=%2Fwp%2Fv2%2Fcomments&post=37513"}],"version-history":[{"count":1,"href":"https:\/\/przedszkole12.sopot.pl\/index.php?rest_route=\/wp\/v2\/posts\/37513\/revisions"}],"predecessor-version":[{"id":37521,"href":"https:\/\/przedszkole12.sopot.pl\/index.php?rest_route=\/wp\/v2\/posts\/37513\/revisions\/37521"}],"wp:attachment":[{"href":"https:\/\/przedszkole12.sopot.pl\/index.php?rest_route=%2Fwp%2Fv2%2Fmedia&parent=37513"}],"wp:term":[{"taxonomy":"category","embeddable":true,"href":"https:\/\/przedszkole12.sopot.pl\/index.php?rest_route=%2Fwp%2Fv2%2Fcategories&post=37513"},{"taxonomy":"post_tag","embeddable":true,"href":"https:\/\/przedszkole12.sopot.pl\/index.php?rest_route=%2Fwp%2Fv2%2Ftags&post=37513"}],"curies":[{"name":"wp","href":"https:\/\/api.w.org\/{rel}","templated":true}]}}