{"id":37509,"date":"2024-05-13T10:55:17","date_gmt":"2024-05-13T10:55:17","guid":{"rendered":"https:\/\/przedszkole12.sopot.pl\/?p=37509"},"modified":"2024-05-13T10:56:01","modified_gmt":"2024-05-13T10:56:01","slug":"37509","status":"publish","type":"post","link":"https:\/\/przedszkole12.sopot.pl\/?p=37509","title":{"rendered":""},"content":{"rendered":"<h3 style=\"text-align: center;\"><span style=\"color: #0000ff;\"><strong><u>DRODZY RODZICE !!!<\/u><\/strong><\/span><\/h3>\n<h3 style=\"text-align: center;\"><span style=\"color: #000000;\"><strong>Informujemy, \u017ce w miesi\u0105cach wakacyjnych sopockie przedszkola pe\u0142ni\u0105 dy\u017cury dla dzieci, <\/strong><\/span><span style=\"color: #000000;\"><strong>kt\u00f3rym <\/strong><\/span><\/h3>\n<h3 style=\"text-align: center;\"><span style=\"color: #000000;\"><strong><span style=\"color: #0000ff;\"><u>rodzice nie mog\u0105 zapewni\u0107 opieki.<\/u><\/span><\/strong><\/span><\/h3>\n<h3 style=\"text-align: center;\"><span style=\"color: #000000;\"><strong>\u00a0W bie\u017c\u0105cym roku nasze przedszkole pe\u0142ni dy\u017cur <span style=\"color: #0000ff;\"><u>w sierpniu.<\/u><\/span><\/strong><\/span><\/h3>\n<h3 style=\"text-align: center;\"><span style=\"color: #000000;\"><strong>\u00a0W lipcu dy\u017curuj\u0105cymi przedszkolami s\u0105:<\/strong><\/span><\/h3>\n<h3 style=\"text-align: center;\"><span style=\"color: #000000;\"><strong>przedszkola\u00a0 nr <span style=\"color: #0000ff;\">4, 5, 8 i 10. <\/span><\/strong><\/span><\/h3>\n<h3 style=\"text-align: center;\"><span style=\"color: #000000;\"><strong>Kart\u0119 zg\u0142oszenia dziecka do przedszkola dy\u017curuj\u0105cego mo\u017cna pobra\u0107 ze strony internetowej przedszkola lub u wychowawczy\u0144 poszczeg\u00f3lnych grup.<\/strong><\/span><\/h3>\n<h3 style=\"text-align: center;\"><span style=\"color: #000000;\"><strong>Wype\u0142nione karty zg\u0142oszenia na wakacje do wszystkich przedszkoli (w tym tak\u017ce do naszego) trzeba z\u0142o\u017cy\u0107 u nauczycielek do<\/strong><\/span><\/h3>\n<h3 style=\"text-align: center;\"><span style=\"color: #0000ff;\"><strong><u>do 31 maja 2024r.!<\/u><\/strong><\/span><\/h3>\n","protected":false},"excerpt":{"rendered":"<p>DRODZY RODZICE !!! Informujemy, \u017ce w miesi\u0105cach wakacyjnych sopockie przedszkola pe\u0142ni\u0105 dy\u017cury dla dzieci, kt\u00f3rym rodzice nie mog\u0105 zapewni\u0107 opieki. \u00a0W bie\u017c\u0105cym roku nasze przedszkole pe\u0142ni dy\u017cur w sierpniu. \u00a0W lipcu dy\u017curuj\u0105cymi przedszkolami s\u0105: przedszkola\u00a0 nr 4, 5, 8 i 10. Kart\u0119 zg\u0142oszenia dziecka do przedszkola dy\u017curuj\u0105cego mo\u017cna pobra\u0107 ze strony internetowej przedszkola lub u wychowawczy\u0144 poszczeg\u00f3lnych grup. Wype\u0142nione karty zg\u0142oszenia na wakacje do wszystkich przedszkoli (w tym tak\u017ce do naszego) trzeba z\u0142o\u017cy\u0107 u nauczycielek do do 31 maja 2024r.!<\/p>\n","protected":false},"author":4,"featured_media":0,"comment_status":"closed","ping_status":"closed","sticky":false,"template":"","format":"standard","meta":[],"categories":[26],"tags":[],"_links":{"self":[{"href":"https:\/\/przedszkole12.sopot.pl\/index.php?rest_route=\/wp\/v2\/posts\/37509"}],"collection":[{"href":"https:\/\/przedszkole12.sopot.pl\/index.php?rest_route=\/wp\/v2\/posts"}],"about":[{"href":"https:\/\/przedszkole12.sopot.pl\/index.php?rest_route=\/wp\/v2\/types\/post"}],"author":[{"embeddable":true,"href":"https:\/\/przedszkole12.sopot.pl\/index.php?rest_route=\/wp\/v2\/users\/4"}],"replies":[{"embeddable":true,"href":"https:\/\/przedszkole12.sopot.pl\/index.php?rest_route=%2Fwp%2Fv2%2Fcomments&post=37509"}],"version-history":[{"count":2,"href":"https:\/\/przedszkole12.sopot.pl\/index.php?rest_route=\/wp\/v2\/posts\/37509\/revisions"}],"predecessor-version":[{"id":37511,"href":"https:\/\/przedszkole12.sopot.pl\/index.php?rest_route=\/wp\/v2\/posts\/37509\/revisions\/37511"}],"wp:attachment":[{"href":"https:\/\/przedszkole12.sopot.pl\/index.php?rest_route=%2Fwp%2Fv2%2Fmedia&parent=37509"}],"wp:term":[{"taxonomy":"category","embeddable":true,"href":"https:\/\/przedszkole12.sopot.pl\/index.php?rest_route=%2Fwp%2Fv2%2Fcategories&post=37509"},{"taxonomy":"post_tag","embeddable":true,"href":"https:\/\/przedszkole12.sopot.pl\/index.php?rest_route=%2Fwp%2Fv2%2Ftags&post=37509"}],"curies":[{"name":"wp","href":"https:\/\/api.w.org\/{rel}","templated":true}]}}