{"id":36982,"date":"2024-03-18T22:22:38","date_gmt":"2024-03-18T22:22:38","guid":{"rendered":"https:\/\/przedszkole12.sopot.pl\/?p=36982"},"modified":"2024-03-18T22:23:36","modified_gmt":"2024-03-18T22:23:36","slug":"dzien-logopedy","status":"publish","type":"post","link":"https:\/\/przedszkole12.sopot.pl\/?p=36982","title":{"rendered":"DZIE\u0143 LOGOPEDY"},"content":{"rendered":"<p><span class=\"BxUVEf ILfuVd\" lang=\"pl\"><span class=\"hgKElc\">Europejski Dzie\u0144 Logopedy przypada na <b>6 marca<\/b>, obchodzony jest we wszystkich krajach Unii Europejskiej. Celem tego dnia jest zwr\u00f3cenie uwagi na to jak istotny jest prawid\u0142owy rozw\u00f3j mowy. Mowa to klucz do prawid\u0142owego rozwoju dziecka, daje mo\u017cliwo\u015b\u0107 realizacji potrzeb, wyja\u015bnienia emocji co wp\u0142ywa pozytywnie na og\u00f3lny rozw\u00f3j psychiczny dziecka. Nasz przedszkolny logopeda, Pani Edyta Porydzaj, przeprowadzi\u0142a z dzie\u0107mi fantastyczne zaj\u0119cia ucz\u0105c je przez zabaw\u0119 jak prawid\u0142owo m\u00f3wi\u0107 i oddycha\u0107. Bardzo dzi\u0119kujemy!!!<br \/>\n<\/span><\/span><\/p>\n<p>W podzi\u0119kowaniu za trud pracy Pani Edyty dzieci wyrecytowa\u0142y wiersz &#8222;Logopeda&#8221;<\/p>\n<p>.<!--more--><\/p>\n\n\t\t<style type=\"text\/css\">\n\t\t\t#gallery-1 {\n\t\t\t\tmargin: auto;\n\t\t\t}\n\t\t\t#gallery-1 .gallery-item {\n\t\t\t\tfloat: left;\n\t\t\t\tmargin-top: 10px;\n\t\t\t\ttext-align: center;\n\t\t\t\twidth: 20%;\n\t\t\t}\n\t\t\t#gallery-1 img {\n\t\t\t\tborder: 2px solid #cfcfcf;\n\t\t\t}\n\t\t\t#gallery-1 .gallery-caption {\n\t\t\t\tmargin-left: 0;\n\t\t\t}\n\t\t\t\/* see gallery_shortcode() in wp-includes\/media.php *\/\n\t\t<\/style>\n\t\t<div id='gallery-1' class='gallery galleryid-36982 gallery-columns-5 gallery-size-thumbnail'><dl class='gallery-item'>\n\t\t\t<dt class='gallery-icon landscape'>\n\t\t\t\t<a href='https:\/\/przedszkole12.sopot.pl\/?attachment_id=36984'><img width=\"250\" height=\"250\" src=\"https:\/\/przedszkole12.sopot.pl\/wp-content\/uploads\/2024\/03\/IMG-20240318-WA0036-250x250.jpg\" class=\"attachment-thumbnail size-thumbnail\" alt=\"\" loading=\"lazy\" \/><\/a>\n\t\t\t<\/dt><\/dl><dl class='gallery-item'>\n\t\t\t<dt class='gallery-icon landscape'>\n\t\t\t\t<a href='https:\/\/przedszkole12.sopot.pl\/?attachment_id=36985'><img width=\"250\" height=\"250\" src=\"https:\/\/przedszkole12.sopot.pl\/wp-content\/uploads\/2024\/03\/IMG-20240318-WA0042-250x250.jpg\" class=\"attachment-thumbnail size-thumbnail\" alt=\"\" loading=\"lazy\" \/><\/a>\n\t\t\t<\/dt><\/dl><dl class='gallery-item'>\n\t\t\t<dt class='gallery-icon landscape'>\n\t\t\t\t<a href='https:\/\/przedszkole12.sopot.pl\/?attachment_id=36986'><img width=\"250\" height=\"250\" src=\"https:\/\/przedszkole12.sopot.pl\/wp-content\/uploads\/2024\/03\/IMG-20240318-WA0053-250x250.jpg\" class=\"attachment-thumbnail size-thumbnail\" alt=\"\" loading=\"lazy\" \/><\/a>\n\t\t\t<\/dt><\/dl><dl class='gallery-item'>\n\t\t\t<dt class='gallery-icon landscape'>\n\t\t\t\t<a href='https:\/\/przedszkole12.sopot.pl\/?attachment_id=36987'><img width=\"250\" height=\"250\" src=\"https:\/\/przedszkole12.sopot.pl\/wp-content\/uploads\/2024\/03\/IMG-20240318-WA0054-250x250.jpg\" class=\"attachment-thumbnail size-thumbnail\" alt=\"\" loading=\"lazy\" \/><\/a>\n\t\t\t<\/dt><\/dl><dl class='gallery-item'>\n\t\t\t<dt class='gallery-icon landscape'>\n\t\t\t\t<a href='https:\/\/przedszkole12.sopot.pl\/?attachment_id=36988'><img width=\"250\" height=\"250\" src=\"https:\/\/przedszkole12.sopot.pl\/wp-content\/uploads\/2024\/03\/IMG-20240318-WA0057-250x250.jpg\" class=\"attachment-thumbnail size-thumbnail\" alt=\"\" loading=\"lazy\" \/><\/a>\n\t\t\t<\/dt><\/dl><br style=\"clear: both\" \/><dl class='gallery-item'>\n\t\t\t<dt class='gallery-icon landscape'>\n\t\t\t\t<a href='https:\/\/przedszkole12.sopot.pl\/?attachment_id=36989'><img width=\"250\" height=\"250\" src=\"https:\/\/przedszkole12.sopot.pl\/wp-content\/uploads\/2024\/03\/IMG-20240318-WA0061-250x250.jpg\" class=\"attachment-thumbnail size-thumbnail\" alt=\"\" loading=\"lazy\" \/><\/a>\n\t\t\t<\/dt><\/dl><dl class='gallery-item'>\n\t\t\t<dt class='gallery-icon landscape'>\n\t\t\t\t<a href='https:\/\/przedszkole12.sopot.pl\/?attachment_id=36990'><img width=\"250\" height=\"250\" src=\"https:\/\/przedszkole12.sopot.pl\/wp-content\/uploads\/2024\/03\/IMG-20240318-WA0062-250x250.jpg\" class=\"attachment-thumbnail size-thumbnail\" alt=\"\" loading=\"lazy\" \/><\/a>\n\t\t\t<\/dt><\/dl><dl class='gallery-item'>\n\t\t\t<dt class='gallery-icon landscape'>\n\t\t\t\t<a href='https:\/\/przedszkole12.sopot.pl\/?attachment_id=36991'><img width=\"250\" height=\"250\" src=\"https:\/\/przedszkole12.sopot.pl\/wp-content\/uploads\/2024\/03\/IMG-20240318-WA0063-250x250.jpg\" class=\"attachment-thumbnail size-thumbnail\" alt=\"\" loading=\"lazy\" \/><\/a>\n\t\t\t<\/dt><\/dl><dl class='gallery-item'>\n\t\t\t<dt class='gallery-icon landscape'>\n\t\t\t\t<a href='https:\/\/przedszkole12.sopot.pl\/?attachment_id=36992'><img width=\"250\" height=\"250\" src=\"https:\/\/przedszkole12.sopot.pl\/wp-content\/uploads\/2024\/03\/IMG-20240318-WA0064-250x250.jpg\" class=\"attachment-thumbnail size-thumbnail\" alt=\"\" loading=\"lazy\" \/><\/a>\n\t\t\t<\/dt><\/dl><dl class='gallery-item'>\n\t\t\t<dt class='gallery-icon landscape'>\n\t\t\t\t<a href='https:\/\/przedszkole12.sopot.pl\/?attachment_id=36993'><img width=\"250\" height=\"250\" src=\"https:\/\/przedszkole12.sopot.pl\/wp-content\/uploads\/2024\/03\/IMG-20240318-WA0065-250x250.jpg\" class=\"attachment-thumbnail size-thumbnail\" alt=\"\" loading=\"lazy\" \/><\/a>\n\t\t\t<\/dt><\/dl><br style=\"clear: both\" \/><dl class='gallery-item'>\n\t\t\t<dt class='gallery-icon landscape'>\n\t\t\t\t<a href='https:\/\/przedszkole12.sopot.pl\/?attachment_id=36994'><img width=\"250\" height=\"250\" src=\"https:\/\/przedszkole12.sopot.pl\/wp-content\/uploads\/2024\/03\/IMG-20240318-WA0066-250x250.jpg\" class=\"attachment-thumbnail size-thumbnail\" alt=\"\" loading=\"lazy\" \/><\/a>\n\t\t\t<\/dt><\/dl>\n\t\t\t<br style='clear: both' \/>\n\t\t<\/div>\n\n<div class=\"wp-block-image\"><img loading=\"lazy\" class=\"aligncenter wp-image-36995 size-medium\" src=\"http:\/\/przedszkole12.sopot.pl\/wp-content\/uploads\/2024\/03\/ww-268x380.jpg\" alt=\"\" width=\"268\" height=\"380\" srcset=\"https:\/\/przedszkole12.sopot.pl\/wp-content\/uploads\/2024\/03\/ww-268x380.jpg 268w, https:\/\/przedszkole12.sopot.pl\/wp-content\/uploads\/2024\/03\/ww.jpg 678w\" sizes=\"(max-width: 268px) 100vw, 268px\" \/><\/div>\n","protected":false},"excerpt":{"rendered":"<p>Europejski Dzie\u0144 Logopedy przypada na 6 marca, obchodzony jest we wszystkich krajach Unii Europejskiej. Celem tego dnia jest zwr\u00f3cenie uwagi na to jak istotny jest prawid\u0142owy rozw\u00f3j mowy. Mowa to klucz do prawid\u0142owego rozwoju dziecka, daje mo\u017cliwo\u015b\u0107 realizacji potrzeb, wyja\u015bnienia emocji co wp\u0142ywa pozytywnie na og\u00f3lny rozw\u00f3j psychiczny dziecka. Nasz przedszkolny logopeda, Pani Edyta Porydzaj, przeprowadzi\u0142a z dzie\u0107mi fantastyczne zaj\u0119cia ucz\u0105c je przez zabaw\u0119 jak prawid\u0142owo m\u00f3wi\u0107 i oddycha\u0107. Bardzo dzi\u0119kujemy!!! W podzi\u0119kowaniu za trud pracy Pani Edyty dzieci wyrecytowa\u0142y wiersz &#8222;Logopeda&#8221; .<\/p>\n","protected":false},"author":4,"featured_media":36983,"comment_status":"closed","ping_status":"closed","sticky":false,"template":"","format":"standard","meta":[],"categories":[86],"tags":[],"_links":{"self":[{"href":"https:\/\/przedszkole12.sopot.pl\/index.php?rest_route=\/wp\/v2\/posts\/36982"}],"collection":[{"href":"https:\/\/przedszkole12.sopot.pl\/index.php?rest_route=\/wp\/v2\/posts"}],"about":[{"href":"https:\/\/przedszkole12.sopot.pl\/index.php?rest_route=\/wp\/v2\/types\/post"}],"author":[{"embeddable":true,"href":"https:\/\/przedszkole12.sopot.pl\/index.php?rest_route=\/wp\/v2\/users\/4"}],"replies":[{"embeddable":true,"href":"https:\/\/przedszkole12.sopot.pl\/index.php?rest_route=%2Fwp%2Fv2%2Fcomments&post=36982"}],"version-history":[{"count":2,"href":"https:\/\/przedszkole12.sopot.pl\/index.php?rest_route=\/wp\/v2\/posts\/36982\/revisions"}],"predecessor-version":[{"id":36998,"href":"https:\/\/przedszkole12.sopot.pl\/index.php?rest_route=\/wp\/v2\/posts\/36982\/revisions\/36998"}],"wp:featuredmedia":[{"embeddable":true,"href":"https:\/\/przedszkole12.sopot.pl\/index.php?rest_route=\/wp\/v2\/media\/36983"}],"wp:attachment":[{"href":"https:\/\/przedszkole12.sopot.pl\/index.php?rest_route=%2Fwp%2Fv2%2Fmedia&parent=36982"}],"wp:term":[{"taxonomy":"category","embeddable":true,"href":"https:\/\/przedszkole12.sopot.pl\/index.php?rest_route=%2Fwp%2Fv2%2Fcategories&post=36982"},{"taxonomy":"post_tag","embeddable":true,"href":"https:\/\/przedszkole12.sopot.pl\/index.php?rest_route=%2Fwp%2Fv2%2Ftags&post=36982"}],"curies":[{"name":"wp","href":"https:\/\/api.w.org\/{rel}","templated":true}]}}