{"id":35535,"date":"2023-11-28T19:34:18","date_gmt":"2023-11-28T19:34:18","guid":{"rendered":"https:\/\/przedszkole12.sopot.pl\/?p=35535"},"modified":"2023-11-28T19:34:18","modified_gmt":"2023-11-28T19:34:18","slug":"dzien-jeza-3","status":"publish","type":"post","link":"https:\/\/przedszkole12.sopot.pl\/?p=35535","title":{"rendered":"Dzie\u0144 Je\u017ca"},"content":{"rendered":"<p><strong><br \/>\n<\/strong>W tym dniu obchodzili\u015bmy \u015bwi\u0119to chronionych zwierz\u0105t &#8211; je\u017cy. Ch\u0119tnie bra\u0142y udzia\u0142<br \/>\nw zaj\u0119ciach przyrodniczych oraz zabawach ruchowo &#8211; tanecznych przy piosence<br \/>\n,,Ma\u0142y je\u017cyk\u201d. Wychowankowie w skupieniu lepili z plasteliny sylwetk\u0119 je\u017ca z wykorzystaniem<\/p>\n<p>s\u0142omek i materia\u0142\u00f3w przyrodniczych. Ka\u017cdy je\u017cyk mia\u0142 przygotowane przez dzieci zapasy na zim\u0119.<\/p>\n<p>Wystaw\u0119 je\u017cyk\u00f3w mo\u017cna obejrze\u0107 na terenie naszego przedszkola.<\/p>\n<p><!--more--><\/p>\n\n\t\t<style type=\"text\/css\">\n\t\t\t#gallery-1 {\n\t\t\t\tmargin: auto;\n\t\t\t}\n\t\t\t#gallery-1 .gallery-item {\n\t\t\t\tfloat: left;\n\t\t\t\tmargin-top: 10px;\n\t\t\t\ttext-align: center;\n\t\t\t\twidth: 33%;\n\t\t\t}\n\t\t\t#gallery-1 img {\n\t\t\t\tborder: 2px solid #cfcfcf;\n\t\t\t}\n\t\t\t#gallery-1 .gallery-caption {\n\t\t\t\tmargin-left: 0;\n\t\t\t}\n\t\t\t\/* see gallery_shortcode() in wp-includes\/media.php *\/\n\t\t<\/style>\n\t\t<div id='gallery-1' class='gallery galleryid-35535 gallery-columns-3 gallery-size-thumbnail'><dl class='gallery-item'>\n\t\t\t<dt class='gallery-icon portrait'>\n\t\t\t\t<a href='https:\/\/przedszkole12.sopot.pl\/?attachment_id=35537'><img width=\"250\" height=\"250\" src=\"https:\/\/przedszkole12.sopot.pl\/wp-content\/uploads\/2023\/11\/IMG-20231113-WA0004-250x250.jpg\" class=\"attachment-thumbnail size-thumbnail\" alt=\"\" loading=\"lazy\" \/><\/a>\n\t\t\t<\/dt><\/dl><dl class='gallery-item'>\n\t\t\t<dt class='gallery-icon portrait'>\n\t\t\t\t<a href='https:\/\/przedszkole12.sopot.pl\/?attachment_id=35538'><img width=\"250\" height=\"250\" src=\"https:\/\/przedszkole12.sopot.pl\/wp-content\/uploads\/2023\/11\/IMG-20231113-WA0005-250x250.jpg\" class=\"attachment-thumbnail size-thumbnail\" alt=\"\" loading=\"lazy\" \/><\/a>\n\t\t\t<\/dt><\/dl><dl class='gallery-item'>\n\t\t\t<dt class='gallery-icon landscape'>\n\t\t\t\t<a href='https:\/\/przedszkole12.sopot.pl\/?attachment_id=35539'><img width=\"250\" height=\"250\" src=\"https:\/\/przedszkole12.sopot.pl\/wp-content\/uploads\/2023\/11\/IMG-20231113-WA0006-250x250.jpg\" class=\"attachment-thumbnail size-thumbnail\" alt=\"\" loading=\"lazy\" \/><\/a>\n\t\t\t<\/dt><\/dl><br style=\"clear: both\" \/><dl class='gallery-item'>\n\t\t\t<dt class='gallery-icon portrait'>\n\t\t\t\t<a href='https:\/\/przedszkole12.sopot.pl\/?attachment_id=35540'><img width=\"250\" height=\"250\" src=\"https:\/\/przedszkole12.sopot.pl\/wp-content\/uploads\/2023\/11\/IMG-20231113-WA0007-250x250.jpg\" class=\"attachment-thumbnail size-thumbnail\" alt=\"\" loading=\"lazy\" \/><\/a>\n\t\t\t<\/dt><\/dl><dl class='gallery-item'>\n\t\t\t<dt class='gallery-icon portrait'>\n\t\t\t\t<a href='https:\/\/przedszkole12.sopot.pl\/?attachment_id=35541'><img width=\"250\" height=\"250\" src=\"https:\/\/przedszkole12.sopot.pl\/wp-content\/uploads\/2023\/11\/IMG-20231113-WA0008-250x250.jpg\" class=\"attachment-thumbnail size-thumbnail\" alt=\"\" loading=\"lazy\" \/><\/a>\n\t\t\t<\/dt><\/dl><dl class='gallery-item'>\n\t\t\t<dt class='gallery-icon portrait'>\n\t\t\t\t<a href='https:\/\/przedszkole12.sopot.pl\/?attachment_id=35542'><img width=\"250\" height=\"250\" src=\"https:\/\/przedszkole12.sopot.pl\/wp-content\/uploads\/2023\/11\/IMG-20231113-WA0009-250x250.jpg\" class=\"attachment-thumbnail size-thumbnail\" alt=\"\" loading=\"lazy\" \/><\/a>\n\t\t\t<\/dt><\/dl><br style=\"clear: both\" \/><dl class='gallery-item'>\n\t\t\t<dt class='gallery-icon portrait'>\n\t\t\t\t<a href='https:\/\/przedszkole12.sopot.pl\/?attachment_id=35543'><img width=\"250\" height=\"250\" src=\"https:\/\/przedszkole12.sopot.pl\/wp-content\/uploads\/2023\/11\/IMG-20231113-WA0010-250x250.jpg\" class=\"attachment-thumbnail size-thumbnail\" alt=\"\" loading=\"lazy\" \/><\/a>\n\t\t\t<\/dt><\/dl><dl class='gallery-item'>\n\t\t\t<dt class='gallery-icon portrait'>\n\t\t\t\t<a href='https:\/\/przedszkole12.sopot.pl\/?attachment_id=35544'><img width=\"250\" height=\"250\" src=\"https:\/\/przedszkole12.sopot.pl\/wp-content\/uploads\/2023\/11\/IMG-20231113-WA0011-250x250.jpg\" class=\"attachment-thumbnail size-thumbnail\" alt=\"\" loading=\"lazy\" \/><\/a>\n\t\t\t<\/dt><\/dl><dl class='gallery-item'>\n\t\t\t<dt class='gallery-icon portrait'>\n\t\t\t\t<a href='https:\/\/przedszkole12.sopot.pl\/?attachment_id=35545'><img width=\"250\" height=\"250\" src=\"https:\/\/przedszkole12.sopot.pl\/wp-content\/uploads\/2023\/11\/IMG-20231113-WA0012-250x250.jpg\" class=\"attachment-thumbnail size-thumbnail\" alt=\"\" loading=\"lazy\" \/><\/a>\n\t\t\t<\/dt><\/dl><br style=\"clear: both\" \/>\n\t\t<\/div>\n\n","protected":false},"excerpt":{"rendered":"<p>W tym dniu obchodzili\u015bmy \u015bwi\u0119to chronionych zwierz\u0105t &#8211; je\u017cy. Ch\u0119tnie bra\u0142y udzia\u0142 w zaj\u0119ciach przyrodniczych oraz zabawach ruchowo &#8211; tanecznych przy piosence ,,Ma\u0142y je\u017cyk\u201d. Wychowankowie w skupieniu lepili z plasteliny sylwetk\u0119 je\u017ca z wykorzystaniem s\u0142omek i materia\u0142\u00f3w przyrodniczych. Ka\u017cdy je\u017cyk mia\u0142 przygotowane przez dzieci zapasy na zim\u0119. Wystaw\u0119 je\u017cyk\u00f3w mo\u017cna obejrze\u0107 na terenie naszego przedszkola.<\/p>\n","protected":false},"author":4,"featured_media":0,"comment_status":"closed","ping_status":"closed","sticky":false,"template":"","format":"standard","meta":[],"categories":[83],"tags":[],"_links":{"self":[{"href":"https:\/\/przedszkole12.sopot.pl\/index.php?rest_route=\/wp\/v2\/posts\/35535"}],"collection":[{"href":"https:\/\/przedszkole12.sopot.pl\/index.php?rest_route=\/wp\/v2\/posts"}],"about":[{"href":"https:\/\/przedszkole12.sopot.pl\/index.php?rest_route=\/wp\/v2\/types\/post"}],"author":[{"embeddable":true,"href":"https:\/\/przedszkole12.sopot.pl\/index.php?rest_route=\/wp\/v2\/users\/4"}],"replies":[{"embeddable":true,"href":"https:\/\/przedszkole12.sopot.pl\/index.php?rest_route=%2Fwp%2Fv2%2Fcomments&post=35535"}],"version-history":[{"count":1,"href":"https:\/\/przedszkole12.sopot.pl\/index.php?rest_route=\/wp\/v2\/posts\/35535\/revisions"}],"predecessor-version":[{"id":35546,"href":"https:\/\/przedszkole12.sopot.pl\/index.php?rest_route=\/wp\/v2\/posts\/35535\/revisions\/35546"}],"wp:attachment":[{"href":"https:\/\/przedszkole12.sopot.pl\/index.php?rest_route=%2Fwp%2Fv2%2Fmedia&parent=35535"}],"wp:term":[{"taxonomy":"category","embeddable":true,"href":"https:\/\/przedszkole12.sopot.pl\/index.php?rest_route=%2Fwp%2Fv2%2Fcategories&post=35535"},{"taxonomy":"post_tag","embeddable":true,"href":"https:\/\/przedszkole12.sopot.pl\/index.php?rest_route=%2Fwp%2Fv2%2Ftags&post=35535"}],"curies":[{"name":"wp","href":"https:\/\/api.w.org\/{rel}","templated":true}]}}