{"id":35405,"date":"2023-11-21T14:55:58","date_gmt":"2023-11-21T14:55:58","guid":{"rendered":"https:\/\/przedszkole12.sopot.pl\/?p=35405"},"modified":"2023-11-22T15:04:56","modified_gmt":"2023-11-22T15:04:56","slug":"dzien-zyczliwosci-4","status":"publish","type":"post","link":"https:\/\/przedszkole12.sopot.pl\/?p=35405","title":{"rendered":"Dzie\u0144 \u017byczliwo\u015bci"},"content":{"rendered":"<p>21 listopada to Dzie\u0144 \u017byczliwo\u015bci i Pozdrowie\u0144, kt\u00f3ry jest szczeg\u00f3ln\u0105 okazj\u0105, aby zastanowi\u0107 si\u0119 czy jeste\u015bmy wobec siebie \u017cyczliwi, ch\u0119tni do dobrych uczynk\u00f3w i pe\u0142ni pozytywnych emocji. Tego dnia wzi\u0119li\u015bmy udzia\u0142 w uroczystej akademii przygotowanej przez dzieci z grupy III wraz z Paniami Gra\u017cynk\u0105, Marylk\u0105 i Hani\u0105. Dzi\u0119kujemy za zaproszenie!<!--more--><\/p>\n\n\t\t<style type=\"text\/css\">\n\t\t\t#gallery-1 {\n\t\t\t\tmargin: auto;\n\t\t\t}\n\t\t\t#gallery-1 .gallery-item {\n\t\t\t\tfloat: left;\n\t\t\t\tmargin-top: 10px;\n\t\t\t\ttext-align: center;\n\t\t\t\twidth: 20%;\n\t\t\t}\n\t\t\t#gallery-1 img {\n\t\t\t\tborder: 2px solid #cfcfcf;\n\t\t\t}\n\t\t\t#gallery-1 .gallery-caption {\n\t\t\t\tmargin-left: 0;\n\t\t\t}\n\t\t\t\/* see gallery_shortcode() in wp-includes\/media.php *\/\n\t\t<\/style>\n\t\t<div id='gallery-1' class='gallery galleryid-35405 gallery-columns-5 gallery-size-thumbnail'><dl class='gallery-item'>\n\t\t\t<dt class='gallery-icon landscape'>\n\t\t\t\t<a href='https:\/\/przedszkole12.sopot.pl\/?attachment_id=35406'><img width=\"250\" height=\"250\" src=\"https:\/\/przedszkole12.sopot.pl\/wp-content\/uploads\/2023\/11\/IMG-20231122-WA0005-250x250.jpg\" class=\"attachment-thumbnail size-thumbnail\" alt=\"\" loading=\"lazy\" \/><\/a>\n\t\t\t<\/dt><\/dl><dl class='gallery-item'>\n\t\t\t<dt class='gallery-icon landscape'>\n\t\t\t\t<a href='https:\/\/przedszkole12.sopot.pl\/?attachment_id=35407'><img width=\"250\" height=\"250\" src=\"https:\/\/przedszkole12.sopot.pl\/wp-content\/uploads\/2023\/11\/IMG-20231122-WA0004-250x250.jpg\" class=\"attachment-thumbnail size-thumbnail\" alt=\"\" loading=\"lazy\" \/><\/a>\n\t\t\t<\/dt><\/dl><dl class='gallery-item'>\n\t\t\t<dt class='gallery-icon landscape'>\n\t\t\t\t<a href='https:\/\/przedszkole12.sopot.pl\/?attachment_id=35408'><img width=\"250\" height=\"250\" src=\"https:\/\/przedszkole12.sopot.pl\/wp-content\/uploads\/2023\/11\/IMG-20231122-WA0001-250x250.jpg\" class=\"attachment-thumbnail size-thumbnail\" alt=\"\" loading=\"lazy\" \/><\/a>\n\t\t\t<\/dt><\/dl>\n\t\t\t<br style='clear: both' \/>\n\t\t<\/div>\n\n","protected":false},"excerpt":{"rendered":"<p>21 listopada to Dzie\u0144 \u017byczliwo\u015bci i Pozdrowie\u0144, kt\u00f3ry jest szczeg\u00f3ln\u0105 okazj\u0105, aby zastanowi\u0107 si\u0119 czy jeste\u015bmy wobec siebie \u017cyczliwi, ch\u0119tni do dobrych uczynk\u00f3w i pe\u0142ni pozytywnych emocji. Tego dnia wzi\u0119li\u015bmy udzia\u0142 w uroczystej akademii przygotowanej przez dzieci z grupy III wraz z Paniami Gra\u017cynk\u0105, Marylk\u0105 i Hani\u0105. Dzi\u0119kujemy za zaproszenie!<\/p>\n","protected":false},"author":4,"featured_media":35409,"comment_status":"closed","ping_status":"closed","sticky":false,"template":"","format":"standard","meta":[],"categories":[86],"tags":[],"_links":{"self":[{"href":"https:\/\/przedszkole12.sopot.pl\/index.php?rest_route=\/wp\/v2\/posts\/35405"}],"collection":[{"href":"https:\/\/przedszkole12.sopot.pl\/index.php?rest_route=\/wp\/v2\/posts"}],"about":[{"href":"https:\/\/przedszkole12.sopot.pl\/index.php?rest_route=\/wp\/v2\/types\/post"}],"author":[{"embeddable":true,"href":"https:\/\/przedszkole12.sopot.pl\/index.php?rest_route=\/wp\/v2\/users\/4"}],"replies":[{"embeddable":true,"href":"https:\/\/przedszkole12.sopot.pl\/index.php?rest_route=%2Fwp%2Fv2%2Fcomments&post=35405"}],"version-history":[{"count":1,"href":"https:\/\/przedszkole12.sopot.pl\/index.php?rest_route=\/wp\/v2\/posts\/35405\/revisions"}],"predecessor-version":[{"id":35410,"href":"https:\/\/przedszkole12.sopot.pl\/index.php?rest_route=\/wp\/v2\/posts\/35405\/revisions\/35410"}],"wp:featuredmedia":[{"embeddable":true,"href":"https:\/\/przedszkole12.sopot.pl\/index.php?rest_route=\/wp\/v2\/media\/35409"}],"wp:attachment":[{"href":"https:\/\/przedszkole12.sopot.pl\/index.php?rest_route=%2Fwp%2Fv2%2Fmedia&parent=35405"}],"wp:term":[{"taxonomy":"category","embeddable":true,"href":"https:\/\/przedszkole12.sopot.pl\/index.php?rest_route=%2Fwp%2Fv2%2Fcategories&post=35405"},{"taxonomy":"post_tag","embeddable":true,"href":"https:\/\/przedszkole12.sopot.pl\/index.php?rest_route=%2Fwp%2Fv2%2Ftags&post=35405"}],"curies":[{"name":"wp","href":"https:\/\/api.w.org\/{rel}","templated":true}]}}