{"id":35343,"date":"2023-11-11T17:54:39","date_gmt":"2023-11-11T17:54:39","guid":{"rendered":"https:\/\/przedszkole12.sopot.pl\/?p=35343"},"modified":"2023-11-20T17:58:32","modified_gmt":"2023-11-20T17:58:32","slug":"11-11-narodowe-swieto-niepodleglosci","status":"publish","type":"post","link":"https:\/\/przedszkole12.sopot.pl\/?p=35343","title":{"rendered":"11.11. Narodowe \u015awi\u0119to Niepodleg\u0142o\u015bci"},"content":{"rendered":"<p>11 listopada to wyj\u0105tkowy dzie\u0144- \u015awi\u0119to Niepodleg\u0142o\u015bci. Dzieci w naszym przedszkolu obchodzi\u0142y go uroczy\u015bcie i z powag\u0105; dumnie od\u015bpiewa\u0142y hymn oraz przygotowa\u0142y pi\u0119kne prace plastyczne.<!--more--><\/p>\n\n\t\t<style type=\"text\/css\">\n\t\t\t#gallery-1 {\n\t\t\t\tmargin: auto;\n\t\t\t}\n\t\t\t#gallery-1 .gallery-item {\n\t\t\t\tfloat: left;\n\t\t\t\tmargin-top: 10px;\n\t\t\t\ttext-align: center;\n\t\t\t\twidth: 20%;\n\t\t\t}\n\t\t\t#gallery-1 img {\n\t\t\t\tborder: 2px solid #cfcfcf;\n\t\t\t}\n\t\t\t#gallery-1 .gallery-caption {\n\t\t\t\tmargin-left: 0;\n\t\t\t}\n\t\t\t\/* see gallery_shortcode() in wp-includes\/media.php *\/\n\t\t<\/style>\n\t\t<div id='gallery-1' class='gallery galleryid-35343 gallery-columns-5 gallery-size-thumbnail'><dl class='gallery-item'>\n\t\t\t<dt class='gallery-icon landscape'>\n\t\t\t\t<a href='https:\/\/przedszkole12.sopot.pl\/?attachment_id=35344'><img width=\"250\" height=\"250\" src=\"https:\/\/przedszkole12.sopot.pl\/wp-content\/uploads\/2023\/11\/IMG_20231110_111313_529_LL-250x250.jpg\" class=\"attachment-thumbnail size-thumbnail\" alt=\"\" loading=\"lazy\" \/><\/a>\n\t\t\t<\/dt><\/dl><dl class='gallery-item'>\n\t\t\t<dt class='gallery-icon landscape'>\n\t\t\t\t<a href='https:\/\/przedszkole12.sopot.pl\/?attachment_id=35345'><img width=\"250\" height=\"250\" src=\"https:\/\/przedszkole12.sopot.pl\/wp-content\/uploads\/2023\/11\/IMG_20231110_112313_681_LL-250x250.jpg\" class=\"attachment-thumbnail size-thumbnail\" alt=\"\" loading=\"lazy\" \/><\/a>\n\t\t\t<\/dt><\/dl><dl class='gallery-item'>\n\t\t\t<dt class='gallery-icon portrait'>\n\t\t\t\t<a href='https:\/\/przedszkole12.sopot.pl\/?attachment_id=35346'><img width=\"250\" height=\"250\" src=\"https:\/\/przedszkole12.sopot.pl\/wp-content\/uploads\/2023\/11\/IMG_20231106_125918_140_LL-250x250.jpg\" class=\"attachment-thumbnail size-thumbnail\" alt=\"\" loading=\"lazy\" \/><\/a>\n\t\t\t<\/dt><\/dl><dl class='gallery-item'>\n\t\t\t<dt class='gallery-icon portrait'>\n\t\t\t\t<a href='https:\/\/przedszkole12.sopot.pl\/?attachment_id=35347'><img width=\"250\" height=\"250\" src=\"https:\/\/przedszkole12.sopot.pl\/wp-content\/uploads\/2023\/11\/IMG_20231106_125916_230_LL-250x250.jpg\" class=\"attachment-thumbnail size-thumbnail\" alt=\"\" loading=\"lazy\" \/><\/a>\n\t\t\t<\/dt><\/dl><dl class='gallery-item'>\n\t\t\t<dt class='gallery-icon portrait'>\n\t\t\t\t<a href='https:\/\/przedszkole12.sopot.pl\/?attachment_id=35348'><img width=\"250\" height=\"250\" src=\"https:\/\/przedszkole12.sopot.pl\/wp-content\/uploads\/2023\/11\/IMG_20231106_125913_843_LL-250x250.jpg\" class=\"attachment-thumbnail size-thumbnail\" alt=\"\" loading=\"lazy\" \/><\/a>\n\t\t\t<\/dt><\/dl><br style=\"clear: both\" \/><dl class='gallery-item'>\n\t\t\t<dt class='gallery-icon portrait'>\n\t\t\t\t<a href='https:\/\/przedszkole12.sopot.pl\/?attachment_id=35349'><img width=\"250\" height=\"250\" src=\"https:\/\/przedszkole12.sopot.pl\/wp-content\/uploads\/2023\/11\/IMG_20231106_125909_116_LL-250x250.jpg\" class=\"attachment-thumbnail size-thumbnail\" alt=\"\" loading=\"lazy\" \/><\/a>\n\t\t\t<\/dt><\/dl><dl class='gallery-item'>\n\t\t\t<dt class='gallery-icon portrait'>\n\t\t\t\t<a href='https:\/\/przedszkole12.sopot.pl\/?attachment_id=35350'><img width=\"250\" height=\"250\" src=\"https:\/\/przedszkole12.sopot.pl\/wp-content\/uploads\/2023\/11\/IMG_20231106_125904_179_LL-250x250.jpg\" class=\"attachment-thumbnail size-thumbnail\" alt=\"\" loading=\"lazy\" \/><\/a>\n\t\t\t<\/dt><\/dl><dl class='gallery-item'>\n\t\t\t<dt class='gallery-icon portrait'>\n\t\t\t\t<a href='https:\/\/przedszkole12.sopot.pl\/?attachment_id=35351'><img width=\"250\" height=\"250\" src=\"https:\/\/przedszkole12.sopot.pl\/wp-content\/uploads\/2023\/11\/IMG_20231106_125856_670_LL-250x250.jpg\" class=\"attachment-thumbnail size-thumbnail\" alt=\"\" loading=\"lazy\" \/><\/a>\n\t\t\t<\/dt><\/dl><dl class='gallery-item'>\n\t\t\t<dt class='gallery-icon portrait'>\n\t\t\t\t<a href='https:\/\/przedszkole12.sopot.pl\/?attachment_id=35352'><img width=\"250\" height=\"250\" src=\"https:\/\/przedszkole12.sopot.pl\/wp-content\/uploads\/2023\/11\/IMG_20231106_102209_025_LL-250x250.jpg\" class=\"attachment-thumbnail size-thumbnail\" alt=\"\" loading=\"lazy\" \/><\/a>\n\t\t\t<\/dt><\/dl><dl class='gallery-item'>\n\t\t\t<dt class='gallery-icon portrait'>\n\t\t\t\t<a href='https:\/\/przedszkole12.sopot.pl\/?attachment_id=35353'><img width=\"250\" height=\"250\" src=\"https:\/\/przedszkole12.sopot.pl\/wp-content\/uploads\/2023\/11\/IMG_20231106_102204_612_LL-250x250.jpg\" class=\"attachment-thumbnail size-thumbnail\" alt=\"\" loading=\"lazy\" \/><\/a>\n\t\t\t<\/dt><\/dl><br style=\"clear: both\" \/>\n\t\t<\/div>\n\n","protected":false},"excerpt":{"rendered":"<p>11 listopada to wyj\u0105tkowy dzie\u0144- \u015awi\u0119to Niepodleg\u0142o\u015bci. Dzieci w naszym przedszkolu obchodzi\u0142y go uroczy\u015bcie i z powag\u0105; dumnie od\u015bpiewa\u0142y hymn oraz przygotowa\u0142y pi\u0119kne prace plastyczne.<\/p>\n","protected":false},"author":4,"featured_media":35354,"comment_status":"closed","ping_status":"closed","sticky":false,"template":"","format":"standard","meta":[],"categories":[86],"tags":[],"_links":{"self":[{"href":"https:\/\/przedszkole12.sopot.pl\/index.php?rest_route=\/wp\/v2\/posts\/35343"}],"collection":[{"href":"https:\/\/przedszkole12.sopot.pl\/index.php?rest_route=\/wp\/v2\/posts"}],"about":[{"href":"https:\/\/przedszkole12.sopot.pl\/index.php?rest_route=\/wp\/v2\/types\/post"}],"author":[{"embeddable":true,"href":"https:\/\/przedszkole12.sopot.pl\/index.php?rest_route=\/wp\/v2\/users\/4"}],"replies":[{"embeddable":true,"href":"https:\/\/przedszkole12.sopot.pl\/index.php?rest_route=%2Fwp%2Fv2%2Fcomments&post=35343"}],"version-history":[{"count":1,"href":"https:\/\/przedszkole12.sopot.pl\/index.php?rest_route=\/wp\/v2\/posts\/35343\/revisions"}],"predecessor-version":[{"id":35355,"href":"https:\/\/przedszkole12.sopot.pl\/index.php?rest_route=\/wp\/v2\/posts\/35343\/revisions\/35355"}],"wp:featuredmedia":[{"embeddable":true,"href":"https:\/\/przedszkole12.sopot.pl\/index.php?rest_route=\/wp\/v2\/media\/35354"}],"wp:attachment":[{"href":"https:\/\/przedszkole12.sopot.pl\/index.php?rest_route=%2Fwp%2Fv2%2Fmedia&parent=35343"}],"wp:term":[{"taxonomy":"category","embeddable":true,"href":"https:\/\/przedszkole12.sopot.pl\/index.php?rest_route=%2Fwp%2Fv2%2Fcategories&post=35343"},{"taxonomy":"post_tag","embeddable":true,"href":"https:\/\/przedszkole12.sopot.pl\/index.php?rest_route=%2Fwp%2Fv2%2Ftags&post=35343"}],"curies":[{"name":"wp","href":"https:\/\/api.w.org\/{rel}","templated":true}]}}