{"id":34369,"date":"2023-09-20T10:48:11","date_gmt":"2023-09-20T10:48:11","guid":{"rendered":"https:\/\/przedszkole12.sopot.pl\/?p=34369"},"modified":"2023-09-20T10:48:11","modified_gmt":"2023-09-20T10:48:11","slug":"34369","status":"publish","type":"post","link":"https:\/\/przedszkole12.sopot.pl\/?p=34369","title":{"rendered":""},"content":{"rendered":"<h3 style=\"text-align: center;\"><strong><u>Drodzy Rodzice!<\/u><\/strong><\/h3>\n<h3 style=\"text-align: center;\">Serdecznie zapraszamy na<strong><span style=\"color: #ff6600;\"> Jesienny Festyn <\/span><\/strong><\/h3>\n<h3 style=\"text-align: center;\"><strong>\u201eWarzywniaka- Cudaka\u201d,<\/strong><\/h3>\n<h3 style=\"text-align: center;\">kt\u00f3ry odb\u0119dzie si\u0119<\/h3>\n<h3 style=\"text-align: center;\"><strong><span style=\"color: #ff6600;\">28.09.23r. w godz. 16.00-18.00.<\/span><\/strong><\/h3>\n<p>&nbsp;<\/p>\n","protected":false},"excerpt":{"rendered":"<p>Drodzy Rodzice! Serdecznie zapraszamy na Jesienny Festyn \u201eWarzywniaka- Cudaka\u201d, kt\u00f3ry odb\u0119dzie si\u0119 28.09.23r. w godz. 16.00-18.00. &nbsp;<\/p>\n","protected":false},"author":4,"featured_media":0,"comment_status":"closed","ping_status":"closed","sticky":false,"template":"","format":"standard","meta":[],"categories":[26],"tags":[],"_links":{"self":[{"href":"https:\/\/przedszkole12.sopot.pl\/index.php?rest_route=\/wp\/v2\/posts\/34369"}],"collection":[{"href":"https:\/\/przedszkole12.sopot.pl\/index.php?rest_route=\/wp\/v2\/posts"}],"about":[{"href":"https:\/\/przedszkole12.sopot.pl\/index.php?rest_route=\/wp\/v2\/types\/post"}],"author":[{"embeddable":true,"href":"https:\/\/przedszkole12.sopot.pl\/index.php?rest_route=\/wp\/v2\/users\/4"}],"replies":[{"embeddable":true,"href":"https:\/\/przedszkole12.sopot.pl\/index.php?rest_route=%2Fwp%2Fv2%2Fcomments&post=34369"}],"version-history":[{"count":1,"href":"https:\/\/przedszkole12.sopot.pl\/index.php?rest_route=\/wp\/v2\/posts\/34369\/revisions"}],"predecessor-version":[{"id":34370,"href":"https:\/\/przedszkole12.sopot.pl\/index.php?rest_route=\/wp\/v2\/posts\/34369\/revisions\/34370"}],"wp:attachment":[{"href":"https:\/\/przedszkole12.sopot.pl\/index.php?rest_route=%2Fwp%2Fv2%2Fmedia&parent=34369"}],"wp:term":[{"taxonomy":"category","embeddable":true,"href":"https:\/\/przedszkole12.sopot.pl\/index.php?rest_route=%2Fwp%2Fv2%2Fcategories&post=34369"},{"taxonomy":"post_tag","embeddable":true,"href":"https:\/\/przedszkole12.sopot.pl\/index.php?rest_route=%2Fwp%2Fv2%2Ftags&post=34369"}],"curies":[{"name":"wp","href":"https:\/\/api.w.org\/{rel}","templated":true}]}}