{"id":33049,"date":"2023-03-19T21:21:16","date_gmt":"2023-03-19T21:21:16","guid":{"rendered":"http:\/\/przedszkole12.sopot.pl\/?p=33049"},"modified":"2023-03-19T21:21:16","modified_gmt":"2023-03-19T21:21:16","slug":"english-special-days-dentist-day-5th-march","status":"publish","type":"post","link":"https:\/\/przedszkole12.sopot.pl\/?p=33049","title":{"rendered":"English Special Days DENTIST DAY 5th March"},"content":{"rendered":"<p>Og\u00f3lnopolski Dzie\u0144 Dentysty to coroczne \u015bwi\u0119to, obchodzone 5 marca. To wa\u017cne \u015bwi\u0119to ma na celu zwr\u00f3cenie uwagi na znaczenie zdrowia jamy ustnej dla og\u00f3lnego zdrowia cz\u0142owieka oraz na potrzeb\u0119 regularnych wizyt u stomatologa. Na zaj\u0119ciach j\u0119zyka angielskiego dzieci utrwali\u0142y s\u0142owa clean\/dirty a tak\u017ce technik\u0119 w\u0142a\u015bciwego mycia z\u0119b\u00f3w u\u017cywaj\u0105c s\u0142\u00f3w up\/down\/round\/left\/right.\u00a0 Wykorzystali\u015bmy r\u00f3wnie\u017c z\u0119by do nauki liczenia a po wys\u0142uchaniu piosenek o przestraszonych zwierz\u0105tkach w gabinecie stomatologicznym dzieci ch\u0119tnie dzieli\u0142y si\u0119 w\u0142asnymi do\u015bwiadczeniami.<!--more--><\/p>\n\n\t\t<style type=\"text\/css\">\n\t\t\t#gallery-1 {\n\t\t\t\tmargin: auto;\n\t\t\t}\n\t\t\t#gallery-1 .gallery-item {\n\t\t\t\tfloat: left;\n\t\t\t\tmargin-top: 10px;\n\t\t\t\ttext-align: center;\n\t\t\t\twidth: 20%;\n\t\t\t}\n\t\t\t#gallery-1 img {\n\t\t\t\tborder: 2px solid #cfcfcf;\n\t\t\t}\n\t\t\t#gallery-1 .gallery-caption {\n\t\t\t\tmargin-left: 0;\n\t\t\t}\n\t\t\t\/* see gallery_shortcode() in wp-includes\/media.php *\/\n\t\t<\/style>\n\t\t<div id='gallery-1' class='gallery galleryid-33049 gallery-columns-5 gallery-size-thumbnail'><dl class='gallery-item'>\n\t\t\t<dt class='gallery-icon landscape'>\n\t\t\t\t<a href='https:\/\/przedszkole12.sopot.pl\/?attachment_id=33050'><img width=\"250\" height=\"187\" src=\"https:\/\/przedszkole12.sopot.pl\/wp-content\/uploads\/2023\/03\/IMG_20230310_132118.jpg\" class=\"attachment-thumbnail size-thumbnail\" alt=\"\" loading=\"lazy\" \/><\/a>\n\t\t\t<\/dt><\/dl><dl class='gallery-item'>\n\t\t\t<dt class='gallery-icon landscape'>\n\t\t\t\t<a href='https:\/\/przedszkole12.sopot.pl\/?attachment_id=33051'><img width=\"250\" height=\"187\" src=\"https:\/\/przedszkole12.sopot.pl\/wp-content\/uploads\/2023\/03\/IMG_20230310_132113.jpg\" class=\"attachment-thumbnail size-thumbnail\" alt=\"\" loading=\"lazy\" \/><\/a>\n\t\t\t<\/dt><\/dl><dl class='gallery-item'>\n\t\t\t<dt class='gallery-icon landscape'>\n\t\t\t\t<a href='https:\/\/przedszkole12.sopot.pl\/?attachment_id=33052'><img width=\"250\" height=\"187\" src=\"https:\/\/przedszkole12.sopot.pl\/wp-content\/uploads\/2023\/03\/IMG_20230310_125917.jpg\" class=\"attachment-thumbnail size-thumbnail\" alt=\"\" loading=\"lazy\" \/><\/a>\n\t\t\t<\/dt><\/dl><dl class='gallery-item'>\n\t\t\t<dt class='gallery-icon landscape'>\n\t\t\t\t<a href='https:\/\/przedszkole12.sopot.pl\/?attachment_id=33053'><img width=\"250\" height=\"187\" src=\"https:\/\/przedszkole12.sopot.pl\/wp-content\/uploads\/2023\/03\/IMG_20230310_124940.jpg\" class=\"attachment-thumbnail size-thumbnail\" alt=\"\" loading=\"lazy\" \/><\/a>\n\t\t\t<\/dt><\/dl><dl class='gallery-item'>\n\t\t\t<dt class='gallery-icon landscape'>\n\t\t\t\t<a href='https:\/\/przedszkole12.sopot.pl\/?attachment_id=33054'><img width=\"250\" height=\"187\" src=\"https:\/\/przedszkole12.sopot.pl\/wp-content\/uploads\/2023\/03\/IMG_20230306_112805.jpg\" class=\"attachment-thumbnail size-thumbnail\" alt=\"\" loading=\"lazy\" \/><\/a>\n\t\t\t<\/dt><\/dl><br style=\"clear: both\" \/><dl class='gallery-item'>\n\t\t\t<dt class='gallery-icon portrait'>\n\t\t\t\t<a href='https:\/\/przedszkole12.sopot.pl\/?attachment_id=33055'><img width=\"187\" height=\"250\" src=\"https:\/\/przedszkole12.sopot.pl\/wp-content\/uploads\/2023\/03\/IMG_20230306_093350.jpg\" class=\"attachment-thumbnail size-thumbnail\" alt=\"\" loading=\"lazy\" \/><\/a>\n\t\t\t<\/dt><\/dl><dl class='gallery-item'>\n\t\t\t<dt class='gallery-icon landscape'>\n\t\t\t\t<a href='https:\/\/przedszkole12.sopot.pl\/?attachment_id=33057'><img width=\"250\" height=\"187\" src=\"https:\/\/przedszkole12.sopot.pl\/wp-content\/uploads\/2023\/03\/IMG_20230310_122228.jpg\" class=\"attachment-thumbnail size-thumbnail\" alt=\"\" loading=\"lazy\" \/><\/a>\n\t\t\t<\/dt><\/dl>\n\t\t\t<br style='clear: both' \/>\n\t\t<\/div>\n\n","protected":false},"excerpt":{"rendered":"<p>Og\u00f3lnopolski Dzie\u0144 Dentysty to coroczne \u015bwi\u0119to, obchodzone 5 marca. To wa\u017cne \u015bwi\u0119to ma na celu zwr\u00f3cenie uwagi na znaczenie zdrowia jamy ustnej dla og\u00f3lnego zdrowia cz\u0142owieka oraz na potrzeb\u0119 regularnych wizyt u stomatologa. Na zaj\u0119ciach j\u0119zyka angielskiego dzieci utrwali\u0142y s\u0142owa clean\/dirty a tak\u017ce technik\u0119 w\u0142a\u015bciwego mycia z\u0119b\u00f3w u\u017cywaj\u0105c s\u0142\u00f3w up\/down\/round\/left\/right.\u00a0 Wykorzystali\u015bmy r\u00f3wnie\u017c z\u0119by do nauki liczenia a po wys\u0142uchaniu piosenek o przestraszonych zwierz\u0105tkach w gabinecie stomatologicznym dzieci ch\u0119tnie dzieli\u0142y si\u0119 w\u0142asnymi do\u015bwiadczeniami.<\/p>\n","protected":false},"author":4,"featured_media":33056,"comment_status":"closed","ping_status":"closed","sticky":false,"template":"","format":"standard","meta":[],"categories":[80],"tags":[],"_links":{"self":[{"href":"https:\/\/przedszkole12.sopot.pl\/index.php?rest_route=\/wp\/v2\/posts\/33049"}],"collection":[{"href":"https:\/\/przedszkole12.sopot.pl\/index.php?rest_route=\/wp\/v2\/posts"}],"about":[{"href":"https:\/\/przedszkole12.sopot.pl\/index.php?rest_route=\/wp\/v2\/types\/post"}],"author":[{"embeddable":true,"href":"https:\/\/przedszkole12.sopot.pl\/index.php?rest_route=\/wp\/v2\/users\/4"}],"replies":[{"embeddable":true,"href":"https:\/\/przedszkole12.sopot.pl\/index.php?rest_route=%2Fwp%2Fv2%2Fcomments&post=33049"}],"version-history":[{"count":1,"href":"https:\/\/przedszkole12.sopot.pl\/index.php?rest_route=\/wp\/v2\/posts\/33049\/revisions"}],"predecessor-version":[{"id":33058,"href":"https:\/\/przedszkole12.sopot.pl\/index.php?rest_route=\/wp\/v2\/posts\/33049\/revisions\/33058"}],"wp:featuredmedia":[{"embeddable":true,"href":"https:\/\/przedszkole12.sopot.pl\/index.php?rest_route=\/wp\/v2\/media\/33056"}],"wp:attachment":[{"href":"https:\/\/przedszkole12.sopot.pl\/index.php?rest_route=%2Fwp%2Fv2%2Fmedia&parent=33049"}],"wp:term":[{"taxonomy":"category","embeddable":true,"href":"https:\/\/przedszkole12.sopot.pl\/index.php?rest_route=%2Fwp%2Fv2%2Fcategories&post=33049"},{"taxonomy":"post_tag","embeddable":true,"href":"https:\/\/przedszkole12.sopot.pl\/index.php?rest_route=%2Fwp%2Fv2%2Ftags&post=33049"}],"curies":[{"name":"wp","href":"https:\/\/api.w.org\/{rel}","templated":true}]}}