{"id":32707,"date":"2023-03-06T18:47:50","date_gmt":"2023-03-06T18:47:50","guid":{"rendered":"http:\/\/przedszkole12.sopot.pl\/?p=32707"},"modified":"2023-03-06T18:49:00","modified_gmt":"2023-03-06T18:49:00","slug":"spotkanie-z-przedstawicielem-strazy-miejskiej-ekologia","status":"publish","type":"post","link":"https:\/\/przedszkole12.sopot.pl\/?p=32707","title":{"rendered":"Spotkanie z przedstawicielem Stra\u017cy Miejskiej- Ekologia"},"content":{"rendered":"<p>Do naszego przedszkola po raz kolejny zawita\u0142a Pani \u017ce Stra\u017cy Miejskiej w<\/p>\n<p>Sopocie. Tym razem tematem rozm\u00f3w by\u0142a ekologia i dba\u0142o\u015b\u0107 o nasze najbli\u017csze \u015brodowisko.<\/p>\n<p><!--more--><\/p>\n\n\t\t<style type=\"text\/css\">\n\t\t\t#gallery-1 {\n\t\t\t\tmargin: auto;\n\t\t\t}\n\t\t\t#gallery-1 .gallery-item {\n\t\t\t\tfloat: left;\n\t\t\t\tmargin-top: 10px;\n\t\t\t\ttext-align: center;\n\t\t\t\twidth: 33%;\n\t\t\t}\n\t\t\t#gallery-1 img {\n\t\t\t\tborder: 2px solid #cfcfcf;\n\t\t\t}\n\t\t\t#gallery-1 .gallery-caption {\n\t\t\t\tmargin-left: 0;\n\t\t\t}\n\t\t\t\/* see gallery_shortcode() in wp-includes\/media.php *\/\n\t\t<\/style>\n\t\t<div id='gallery-1' class='gallery galleryid-32707 gallery-columns-3 gallery-size-thumbnail'><dl class='gallery-item'>\n\t\t\t<dt class='gallery-icon landscape'>\n\t\t\t\t<a href='https:\/\/przedszkole12.sopot.pl\/?attachment_id=32708'><img width=\"250\" height=\"125\" src=\"https:\/\/przedszkole12.sopot.pl\/wp-content\/uploads\/2023\/03\/1d6dd167-052c-45ff-9338-793c3e2dd900.jpg\" class=\"attachment-thumbnail size-thumbnail\" alt=\"\" loading=\"lazy\" \/><\/a>\n\t\t\t<\/dt><\/dl><dl class='gallery-item'>\n\t\t\t<dt class='gallery-icon landscape'>\n\t\t\t\t<a href='https:\/\/przedszkole12.sopot.pl\/?attachment_id=32709'><img width=\"250\" height=\"125\" src=\"https:\/\/przedszkole12.sopot.pl\/wp-content\/uploads\/2023\/03\/3fb4cd3e-90f7-4b5a-aceb-6e12f95ed6cb.jpg\" class=\"attachment-thumbnail size-thumbnail\" alt=\"\" loading=\"lazy\" \/><\/a>\n\t\t\t<\/dt><\/dl><dl class='gallery-item'>\n\t\t\t<dt class='gallery-icon landscape'>\n\t\t\t\t<a href='https:\/\/przedszkole12.sopot.pl\/?attachment_id=32710'><img width=\"250\" height=\"125\" src=\"https:\/\/przedszkole12.sopot.pl\/wp-content\/uploads\/2023\/03\/40ca6ab3-f465-4aac-b32e-bf1b28541bdb.jpg\" class=\"attachment-thumbnail size-thumbnail\" alt=\"\" loading=\"lazy\" \/><\/a>\n\t\t\t<\/dt><\/dl><br style=\"clear: both\" \/><dl class='gallery-item'>\n\t\t\t<dt class='gallery-icon landscape'>\n\t\t\t\t<a href='https:\/\/przedszkole12.sopot.pl\/?attachment_id=32711'><img width=\"250\" height=\"125\" src=\"https:\/\/przedszkole12.sopot.pl\/wp-content\/uploads\/2023\/03\/230e0098-7768-406a-9127-c153164d9fef.jpg\" class=\"attachment-thumbnail size-thumbnail\" alt=\"\" loading=\"lazy\" \/><\/a>\n\t\t\t<\/dt><\/dl><dl class='gallery-item'>\n\t\t\t<dt class='gallery-icon landscape'>\n\t\t\t\t<a href='https:\/\/przedszkole12.sopot.pl\/?attachment_id=32712'><img width=\"250\" height=\"125\" src=\"https:\/\/przedszkole12.sopot.pl\/wp-content\/uploads\/2023\/03\/559c6a1e-68e9-4fe8-a8f5-ac353ef253de.jpg\" class=\"attachment-thumbnail size-thumbnail\" alt=\"\" loading=\"lazy\" \/><\/a>\n\t\t\t<\/dt><\/dl><dl class='gallery-item'>\n\t\t\t<dt class='gallery-icon landscape'>\n\t\t\t\t<a href='https:\/\/przedszkole12.sopot.pl\/?attachment_id=32713'><img width=\"250\" height=\"125\" src=\"https:\/\/przedszkole12.sopot.pl\/wp-content\/uploads\/2023\/03\/1401d826-2c89-4f64-8b70-199b1db2efe7.jpg\" class=\"attachment-thumbnail size-thumbnail\" alt=\"\" loading=\"lazy\" \/><\/a>\n\t\t\t<\/dt><\/dl><br style=\"clear: both\" \/><dl class='gallery-item'>\n\t\t\t<dt class='gallery-icon landscape'>\n\t\t\t\t<a href='https:\/\/przedszkole12.sopot.pl\/?attachment_id=32714'><img width=\"250\" height=\"125\" src=\"https:\/\/przedszkole12.sopot.pl\/wp-content\/uploads\/2023\/03\/852618e8-dcf2-4dad-a7e5-c79ebeea5b09.jpg\" class=\"attachment-thumbnail size-thumbnail\" alt=\"\" loading=\"lazy\" \/><\/a>\n\t\t\t<\/dt><\/dl><dl class='gallery-item'>\n\t\t\t<dt class='gallery-icon portrait'>\n\t\t\t\t<a href='https:\/\/przedszkole12.sopot.pl\/?attachment_id=32715'><img width=\"125\" height=\"250\" src=\"https:\/\/przedszkole12.sopot.pl\/wp-content\/uploads\/2023\/03\/f82c1d0a-0ef7-4444-9417-b48da664f8bb.jpg\" class=\"attachment-thumbnail size-thumbnail\" alt=\"\" loading=\"lazy\" \/><\/a>\n\t\t\t<\/dt><\/dl>\n\t\t\t<br style='clear: both' \/>\n\t\t<\/div>\n\n","protected":false},"excerpt":{"rendered":"<p>Do naszego przedszkola po raz kolejny zawita\u0142a Pani \u017ce Stra\u017cy Miejskiej w Sopocie. Tym razem tematem rozm\u00f3w by\u0142a ekologia i dba\u0142o\u015b\u0107 o nasze najbli\u017csze \u015brodowisko.<\/p>\n","protected":false},"author":4,"featured_media":0,"comment_status":"closed","ping_status":"closed","sticky":false,"template":"","format":"standard","meta":[],"categories":[78],"tags":[],"_links":{"self":[{"href":"https:\/\/przedszkole12.sopot.pl\/index.php?rest_route=\/wp\/v2\/posts\/32707"}],"collection":[{"href":"https:\/\/przedszkole12.sopot.pl\/index.php?rest_route=\/wp\/v2\/posts"}],"about":[{"href":"https:\/\/przedszkole12.sopot.pl\/index.php?rest_route=\/wp\/v2\/types\/post"}],"author":[{"embeddable":true,"href":"https:\/\/przedszkole12.sopot.pl\/index.php?rest_route=\/wp\/v2\/users\/4"}],"replies":[{"embeddable":true,"href":"https:\/\/przedszkole12.sopot.pl\/index.php?rest_route=%2Fwp%2Fv2%2Fcomments&post=32707"}],"version-history":[{"count":1,"href":"https:\/\/przedszkole12.sopot.pl\/index.php?rest_route=\/wp\/v2\/posts\/32707\/revisions"}],"predecessor-version":[{"id":32716,"href":"https:\/\/przedszkole12.sopot.pl\/index.php?rest_route=\/wp\/v2\/posts\/32707\/revisions\/32716"}],"wp:attachment":[{"href":"https:\/\/przedszkole12.sopot.pl\/index.php?rest_route=%2Fwp%2Fv2%2Fmedia&parent=32707"}],"wp:term":[{"taxonomy":"category","embeddable":true,"href":"https:\/\/przedszkole12.sopot.pl\/index.php?rest_route=%2Fwp%2Fv2%2Fcategories&post=32707"},{"taxonomy":"post_tag","embeddable":true,"href":"https:\/\/przedszkole12.sopot.pl\/index.php?rest_route=%2Fwp%2Fv2%2Ftags&post=32707"}],"curies":[{"name":"wp","href":"https:\/\/api.w.org\/{rel}","templated":true}]}}