{"id":32678,"date":"2023-03-05T15:22:58","date_gmt":"2023-03-05T15:22:58","guid":{"rendered":"http:\/\/przedszkole12.sopot.pl\/?p=32678"},"modified":"2023-03-05T15:22:58","modified_gmt":"2023-03-05T15:22:58","slug":"clil-zintegrowane-nauczanie-przedmiotowo-jezykowe-winter-zima","status":"publish","type":"post","link":"https:\/\/przedszkole12.sopot.pl\/?p=32678","title":{"rendered":"CLIL- zintegrowane nauczanie przedmiotowo- j\u0119zykowe WINTER- Zima"},"content":{"rendered":"<p>CLIL, czyli \u0142\u0105czenie tre\u015bci przedmiotowych aktualnie omawianych na zaj\u0119ciach z nauk\u0105 j\u0119zyka angielskiego to czas fantastycznej zabawy. Podczas drugich zaj\u0119\u0107 nauczanych t\u0105 metod\u0105 omawiali\u015bmy tre\u015bci zwi\u0105zane z zim\u0105. Dzieci utrwali\u0142y nazwy p\u00f3r roku i miesi\u0119cy, wys\u0142ucha\u0142y opowiadania o bardzo ciekawskim p\u0142atku \u015bniegu &#8222;A Curious Snowflake&#8221; oraz powt\u00f3rzy\u0142y s\u0142ownictwo zwi\u0105zane z zim\u0105. \u015apiewaj\u0105c piosenki &#8222;Where&#8217;s the bear?&#8221; oraz &#8222;Hibernation&#8221; przypomnia\u0142y sobie, kt\u00f3re zwierz\u0119ta zasn\u0119\u0142y na zim\u0119 i wkr\u00f3tce si\u0119 obudz\u0105. <!--more--><\/p>\n\n\t\t<style type=\"text\/css\">\n\t\t\t#gallery-1 {\n\t\t\t\tmargin: auto;\n\t\t\t}\n\t\t\t#gallery-1 .gallery-item {\n\t\t\t\tfloat: left;\n\t\t\t\tmargin-top: 10px;\n\t\t\t\ttext-align: center;\n\t\t\t\twidth: 20%;\n\t\t\t}\n\t\t\t#gallery-1 img {\n\t\t\t\tborder: 2px solid #cfcfcf;\n\t\t\t}\n\t\t\t#gallery-1 .gallery-caption {\n\t\t\t\tmargin-left: 0;\n\t\t\t}\n\t\t\t\/* see gallery_shortcode() in wp-includes\/media.php *\/\n\t\t<\/style>\n\t\t<div id='gallery-1' class='gallery galleryid-32678 gallery-columns-5 gallery-size-thumbnail'><dl class='gallery-item'>\n\t\t\t<dt class='gallery-icon landscape'>\n\t\t\t\t<a href='https:\/\/przedszkole12.sopot.pl\/?attachment_id=32680'><img width=\"250\" height=\"187\" src=\"https:\/\/przedszkole12.sopot.pl\/wp-content\/uploads\/2023\/03\/IMG_20230303_105716.jpg\" class=\"attachment-thumbnail size-thumbnail\" alt=\"\" loading=\"lazy\" \/><\/a>\n\t\t\t<\/dt><\/dl><dl class='gallery-item'>\n\t\t\t<dt class='gallery-icon landscape'>\n\t\t\t\t<a href='https:\/\/przedszkole12.sopot.pl\/?attachment_id=32681'><img width=\"250\" height=\"187\" src=\"https:\/\/przedszkole12.sopot.pl\/wp-content\/uploads\/2023\/03\/IMG_20230303_111221.jpg\" class=\"attachment-thumbnail size-thumbnail\" alt=\"\" loading=\"lazy\" \/><\/a>\n\t\t\t<\/dt><\/dl><dl class='gallery-item'>\n\t\t\t<dt class='gallery-icon landscape'>\n\t\t\t\t<a href='https:\/\/przedszkole12.sopot.pl\/?attachment_id=32682'><img width=\"250\" height=\"187\" src=\"https:\/\/przedszkole12.sopot.pl\/wp-content\/uploads\/2023\/03\/IMG_20230303_115508.jpg\" class=\"attachment-thumbnail size-thumbnail\" alt=\"\" loading=\"lazy\" \/><\/a>\n\t\t\t<\/dt><\/dl><dl class='gallery-item'>\n\t\t\t<dt class='gallery-icon landscape'>\n\t\t\t\t<a href='https:\/\/przedszkole12.sopot.pl\/?attachment_id=32683'><img width=\"250\" height=\"187\" src=\"https:\/\/przedszkole12.sopot.pl\/wp-content\/uploads\/2023\/03\/IMG_20230305_160127.jpg\" class=\"attachment-thumbnail size-thumbnail\" alt=\"\" loading=\"lazy\" \/><\/a>\n\t\t\t<\/dt><\/dl><dl class='gallery-item'>\n\t\t\t<dt class='gallery-icon landscape'>\n\t\t\t\t<a href='https:\/\/przedszkole12.sopot.pl\/?attachment_id=32684'><img width=\"250\" height=\"186\" src=\"https:\/\/przedszkole12.sopot.pl\/wp-content\/uploads\/2023\/03\/IMG_20230305_160342.jpg\" class=\"attachment-thumbnail size-thumbnail\" alt=\"\" loading=\"lazy\" \/><\/a>\n\t\t\t<\/dt><\/dl><br style=\"clear: both\" \/><dl class='gallery-item'>\n\t\t\t<dt class='gallery-icon landscape'>\n\t\t\t\t<a href='https:\/\/przedszkole12.sopot.pl\/?attachment_id=32685'><img width=\"250\" height=\"172\" src=\"https:\/\/przedszkole12.sopot.pl\/wp-content\/uploads\/2023\/03\/IMG_20230305_160406.jpg\" class=\"attachment-thumbnail size-thumbnail\" alt=\"\" loading=\"lazy\" \/><\/a>\n\t\t\t<\/dt><\/dl><dl class='gallery-item'>\n\t\t\t<dt class='gallery-icon portrait'>\n\t\t\t\t<a href='https:\/\/przedszkole12.sopot.pl\/?attachment_id=32686'><img width=\"178\" height=\"250\" src=\"https:\/\/przedszkole12.sopot.pl\/wp-content\/uploads\/2023\/03\/IMG_20230305_160422.jpg\" class=\"attachment-thumbnail size-thumbnail\" alt=\"\" loading=\"lazy\" \/><\/a>\n\t\t\t<\/dt><\/dl>\n\t\t\t<br style='clear: both' \/>\n\t\t<\/div>\n\n","protected":false},"excerpt":{"rendered":"<p>CLIL, czyli \u0142\u0105czenie tre\u015bci przedmiotowych aktualnie omawianych na zaj\u0119ciach z nauk\u0105 j\u0119zyka angielskiego to czas fantastycznej zabawy. Podczas drugich zaj\u0119\u0107 nauczanych t\u0105 metod\u0105 omawiali\u015bmy tre\u015bci zwi\u0105zane z zim\u0105. Dzieci utrwali\u0142y nazwy p\u00f3r roku i miesi\u0119cy, wys\u0142ucha\u0142y opowiadania o bardzo ciekawskim p\u0142atku \u015bniegu &#8222;A Curious Snowflake&#8221; oraz powt\u00f3rzy\u0142y s\u0142ownictwo zwi\u0105zane z zim\u0105. \u015apiewaj\u0105c piosenki &#8222;Where&#8217;s the bear?&#8221; oraz &#8222;Hibernation&#8221; przypomnia\u0142y sobie, kt\u00f3re zwierz\u0119ta zasn\u0119\u0142y na zim\u0119 i wkr\u00f3tce si\u0119 obudz\u0105.<\/p>\n","protected":false},"author":4,"featured_media":32679,"comment_status":"closed","ping_status":"closed","sticky":false,"template":"","format":"standard","meta":[],"categories":[80],"tags":[],"_links":{"self":[{"href":"https:\/\/przedszkole12.sopot.pl\/index.php?rest_route=\/wp\/v2\/posts\/32678"}],"collection":[{"href":"https:\/\/przedszkole12.sopot.pl\/index.php?rest_route=\/wp\/v2\/posts"}],"about":[{"href":"https:\/\/przedszkole12.sopot.pl\/index.php?rest_route=\/wp\/v2\/types\/post"}],"author":[{"embeddable":true,"href":"https:\/\/przedszkole12.sopot.pl\/index.php?rest_route=\/wp\/v2\/users\/4"}],"replies":[{"embeddable":true,"href":"https:\/\/przedszkole12.sopot.pl\/index.php?rest_route=%2Fwp%2Fv2%2Fcomments&post=32678"}],"version-history":[{"count":2,"href":"https:\/\/przedszkole12.sopot.pl\/index.php?rest_route=\/wp\/v2\/posts\/32678\/revisions"}],"predecessor-version":[{"id":32688,"href":"https:\/\/przedszkole12.sopot.pl\/index.php?rest_route=\/wp\/v2\/posts\/32678\/revisions\/32688"}],"wp:featuredmedia":[{"embeddable":true,"href":"https:\/\/przedszkole12.sopot.pl\/index.php?rest_route=\/wp\/v2\/media\/32679"}],"wp:attachment":[{"href":"https:\/\/przedszkole12.sopot.pl\/index.php?rest_route=%2Fwp%2Fv2%2Fmedia&parent=32678"}],"wp:term":[{"taxonomy":"category","embeddable":true,"href":"https:\/\/przedszkole12.sopot.pl\/index.php?rest_route=%2Fwp%2Fv2%2Fcategories&post=32678"},{"taxonomy":"post_tag","embeddable":true,"href":"https:\/\/przedszkole12.sopot.pl\/index.php?rest_route=%2Fwp%2Fv2%2Ftags&post=32678"}],"curies":[{"name":"wp","href":"https:\/\/api.w.org\/{rel}","templated":true}]}}