{"id":32636,"date":"2023-02-26T17:27:12","date_gmt":"2023-02-26T17:27:12","guid":{"rendered":"http:\/\/przedszkole12.sopot.pl\/?p=32636"},"modified":"2023-02-26T17:27:49","modified_gmt":"2023-02-26T17:27:49","slug":"dzien-kota-2","status":"publish","type":"post","link":"https:\/\/przedszkole12.sopot.pl\/?p=32636","title":{"rendered":"Dzie\u0144 Kota"},"content":{"rendered":"<p>Dzie\u0144 kota w tym roku by\u0142 wyj\u0105tkowy za spraw\u0105 naszego nowego kotka. Przedszkolna kicia, kt\u00f3ra otrzyma\u0142a imi\u0119 Kitka odwiedzi\u0142a nasz\u0105 sal\u0119 i sprawi\u0142a wszystkim ogromna rado\u015b\u0107. Witaj Kitko w naszym przedszkolu \ud83d\ude42<\/p>\n<p><!--more--><\/p>\n<p><img loading=\"lazy\" class=\"aligncenter size-full wp-image-32640\" src=\"http:\/\/przedszkole12.sopot.pl\/wp-content\/uploads\/2023\/02\/IMG_3811-1.jpg\" alt=\"\" width=\"800\" height=\"1067\" \/> <img loading=\"lazy\" class=\"aligncenter size-full wp-image-32639\" src=\"http:\/\/przedszkole12.sopot.pl\/wp-content\/uploads\/2023\/02\/IMG_3813.jpg\" alt=\"\" width=\"800\" height=\"1067\" \/><img class=\"wpa-image-missing-alt size-full center\" src=\"http:\/\/przedszkole12.sopot.pl\/wp-content\/plugins\/wp-accessibility\/imgs\/alt-missing.png\" alt=\"This image requires alt text, but the alt text is currently blank. Either add alt text or mark the image as decorative.\" \/><\/p>\n","protected":false},"excerpt":{"rendered":"<p>Dzie\u0144 kota w tym roku by\u0142 wyj\u0105tkowy za spraw\u0105 naszego nowego kotka. Przedszkolna kicia, kt\u00f3ra otrzyma\u0142a imi\u0119 Kitka odwiedzi\u0142a nasz\u0105 sal\u0119 i sprawi\u0142a wszystkim ogromna rado\u015b\u0107. Witaj Kitko w naszym przedszkolu \ud83d\ude42<\/p>\n","protected":false},"author":4,"featured_media":0,"comment_status":"closed","ping_status":"closed","sticky":false,"template":"","format":"standard","meta":[],"categories":[76],"tags":[],"_links":{"self":[{"href":"https:\/\/przedszkole12.sopot.pl\/index.php?rest_route=\/wp\/v2\/posts\/32636"}],"collection":[{"href":"https:\/\/przedszkole12.sopot.pl\/index.php?rest_route=\/wp\/v2\/posts"}],"about":[{"href":"https:\/\/przedszkole12.sopot.pl\/index.php?rest_route=\/wp\/v2\/types\/post"}],"author":[{"embeddable":true,"href":"https:\/\/przedszkole12.sopot.pl\/index.php?rest_route=\/wp\/v2\/users\/4"}],"replies":[{"embeddable":true,"href":"https:\/\/przedszkole12.sopot.pl\/index.php?rest_route=%2Fwp%2Fv2%2Fcomments&post=32636"}],"version-history":[{"count":2,"href":"https:\/\/przedszkole12.sopot.pl\/index.php?rest_route=\/wp\/v2\/posts\/32636\/revisions"}],"predecessor-version":[{"id":32642,"href":"https:\/\/przedszkole12.sopot.pl\/index.php?rest_route=\/wp\/v2\/posts\/32636\/revisions\/32642"}],"wp:attachment":[{"href":"https:\/\/przedszkole12.sopot.pl\/index.php?rest_route=%2Fwp%2Fv2%2Fmedia&parent=32636"}],"wp:term":[{"taxonomy":"category","embeddable":true,"href":"https:\/\/przedszkole12.sopot.pl\/index.php?rest_route=%2Fwp%2Fv2%2Fcategories&post=32636"},{"taxonomy":"post_tag","embeddable":true,"href":"https:\/\/przedszkole12.sopot.pl\/index.php?rest_route=%2Fwp%2Fv2%2Ftags&post=32636"}],"curies":[{"name":"wp","href":"https:\/\/api.w.org\/{rel}","templated":true}]}}