{"id":32565,"date":"2023-02-26T17:05:04","date_gmt":"2023-02-26T17:05:04","guid":{"rendered":"http:\/\/przedszkole12.sopot.pl\/?p=32565"},"modified":"2023-02-26T17:05:31","modified_gmt":"2023-02-26T17:05:31","slug":"dzien-babci-i-dziadka-czerwony-kapturek","status":"publish","type":"post","link":"https:\/\/przedszkole12.sopot.pl\/?p=32565","title":{"rendered":"Dzie\u0144 Babci i Dziadka &#8211; Czerwony Kapturek"},"content":{"rendered":"<p>Dzieci z grupy IV przygotowa\u0142y wspania\u0142e przedstawienie z okazji Dnia Babci i Dziadka, to przedstawienie to &#8221; Czerwony kapturek&#8221;. Zaproszeni go\u015bcie byli zachwyceni wspania\u0142\u0105 gr\u0105 ma\u0142ych aktor\u00f3w, brawo dzieci i Panie, kt\u00f3re czuwa\u0142y nad przygotowaniami i wyst\u0105pieniem fina\u0142owym.<\/p>\n<p><!--more--><\/p>\n\n\t\t<style type=\"text\/css\">\n\t\t\t#gallery-1 {\n\t\t\t\tmargin: auto;\n\t\t\t}\n\t\t\t#gallery-1 .gallery-item {\n\t\t\t\tfloat: left;\n\t\t\t\tmargin-top: 10px;\n\t\t\t\ttext-align: center;\n\t\t\t\twidth: 33%;\n\t\t\t}\n\t\t\t#gallery-1 img {\n\t\t\t\tborder: 2px solid #cfcfcf;\n\t\t\t}\n\t\t\t#gallery-1 .gallery-caption {\n\t\t\t\tmargin-left: 0;\n\t\t\t}\n\t\t\t\/* see gallery_shortcode() in wp-includes\/media.php *\/\n\t\t<\/style>\n\t\t<div id='gallery-1' class='gallery galleryid-32565 gallery-columns-3 gallery-size-thumbnail'><dl class='gallery-item'>\n\t\t\t<dt class='gallery-icon landscape'>\n\t\t\t\t<a href='https:\/\/przedszkole12.sopot.pl\/?attachment_id=32566'><img width=\"250\" height=\"169\" src=\"https:\/\/przedszkole12.sopot.pl\/wp-content\/uploads\/2023\/02\/0d4e1e31-0d9a-4110-9131-3b1fd103c6c8.jpg\" class=\"attachment-thumbnail size-thumbnail\" alt=\"\" loading=\"lazy\" \/><\/a>\n\t\t\t<\/dt><\/dl><dl class='gallery-item'>\n\t\t\t<dt class='gallery-icon landscape'>\n\t\t\t\t<a href='https:\/\/przedszkole12.sopot.pl\/?attachment_id=32567'><img width=\"250\" height=\"175\" src=\"https:\/\/przedszkole12.sopot.pl\/wp-content\/uploads\/2023\/02\/2a9e181e-86fd-4585-82fd-c46061f5a558.jpg\" class=\"attachment-thumbnail size-thumbnail\" alt=\"\" loading=\"lazy\" \/><\/a>\n\t\t\t<\/dt><\/dl><dl class='gallery-item'>\n\t\t\t<dt class='gallery-icon portrait'>\n\t\t\t\t<a href='https:\/\/przedszkole12.sopot.pl\/?attachment_id=32568'><img width=\"141\" height=\"250\" src=\"https:\/\/przedszkole12.sopot.pl\/wp-content\/uploads\/2023\/02\/4c5f244d-92ea-49fa-9212-bed38f457db1.jpg\" class=\"attachment-thumbnail size-thumbnail\" alt=\"\" loading=\"lazy\" \/><\/a>\n\t\t\t<\/dt><\/dl><br style=\"clear: both\" \/><dl class='gallery-item'>\n\t\t\t<dt class='gallery-icon landscape'>\n\t\t\t\t<a href='https:\/\/przedszkole12.sopot.pl\/?attachment_id=32569'><img width=\"250\" height=\"161\" src=\"https:\/\/przedszkole12.sopot.pl\/wp-content\/uploads\/2023\/02\/6fa36579-7d4a-49cf-886e-838bfc768683.jpg\" class=\"attachment-thumbnail size-thumbnail\" alt=\"\" loading=\"lazy\" \/><\/a>\n\t\t\t<\/dt><\/dl><dl class='gallery-item'>\n\t\t\t<dt class='gallery-icon landscape'>\n\t\t\t\t<a href='https:\/\/przedszkole12.sopot.pl\/?attachment_id=32570'><img width=\"250\" height=\"163\" src=\"https:\/\/przedszkole12.sopot.pl\/wp-content\/uploads\/2023\/02\/11ee4299-7e26-485b-a721-1f35006cc82c.jpg\" class=\"attachment-thumbnail size-thumbnail\" alt=\"\" loading=\"lazy\" \/><\/a>\n\t\t\t<\/dt><\/dl><dl class='gallery-item'>\n\t\t\t<dt class='gallery-icon landscape'>\n\t\t\t\t<a href='https:\/\/przedszkole12.sopot.pl\/?attachment_id=32571'><img width=\"250\" height=\"170\" src=\"https:\/\/przedszkole12.sopot.pl\/wp-content\/uploads\/2023\/02\/025b202a-1868-45ef-99fe-19c603f70eea.jpg\" class=\"attachment-thumbnail size-thumbnail\" alt=\"\" loading=\"lazy\" \/><\/a>\n\t\t\t<\/dt><\/dl><br style=\"clear: both\" \/><dl class='gallery-item'>\n\t\t\t<dt class='gallery-icon landscape'>\n\t\t\t\t<a href='https:\/\/przedszkole12.sopot.pl\/?attachment_id=32572'><img width=\"250\" height=\"188\" src=\"https:\/\/przedszkole12.sopot.pl\/wp-content\/uploads\/2023\/02\/58190c42-73ff-4458-bd67-0692575bd616.jpg\" class=\"attachment-thumbnail size-thumbnail\" alt=\"\" loading=\"lazy\" \/><\/a>\n\t\t\t<\/dt><\/dl><dl class='gallery-item'>\n\t\t\t<dt class='gallery-icon portrait'>\n\t\t\t\t<a href='https:\/\/przedszkole12.sopot.pl\/?attachment_id=32573'><img width=\"141\" height=\"250\" src=\"https:\/\/przedszkole12.sopot.pl\/wp-content\/uploads\/2023\/02\/65892cef-437d-47dd-8441-1d7a6af23dd1.jpg\" class=\"attachment-thumbnail size-thumbnail\" alt=\"\" loading=\"lazy\" \/><\/a>\n\t\t\t<\/dt><\/dl><dl class='gallery-item'>\n\t\t\t<dt class='gallery-icon landscape'>\n\t\t\t\t<a href='https:\/\/przedszkole12.sopot.pl\/?attachment_id=32574'><img width=\"250\" height=\"168\" src=\"https:\/\/przedszkole12.sopot.pl\/wp-content\/uploads\/2023\/02\/d9c086cd-24fd-46c0-9faa-a3eee2e45f2d.jpg\" class=\"attachment-thumbnail size-thumbnail\" alt=\"\" loading=\"lazy\" \/><\/a>\n\t\t\t<\/dt><\/dl><br style=\"clear: both\" \/><dl class='gallery-item'>\n\t\t\t<dt class='gallery-icon portrait'>\n\t\t\t\t<a href='https:\/\/przedszkole12.sopot.pl\/?attachment_id=32575'><img width=\"141\" height=\"250\" src=\"https:\/\/przedszkole12.sopot.pl\/wp-content\/uploads\/2023\/02\/e29f27a6-f05b-4764-8c5f-ba794ba2f835.jpg\" class=\"attachment-thumbnail size-thumbnail\" alt=\"\" loading=\"lazy\" \/><\/a>\n\t\t\t<\/dt><\/dl><dl class='gallery-item'>\n\t\t\t<dt class='gallery-icon landscape'>\n\t\t\t\t<a href='https:\/\/przedszkole12.sopot.pl\/?attachment_id=32576'><img width=\"250\" height=\"171\" src=\"https:\/\/przedszkole12.sopot.pl\/wp-content\/uploads\/2023\/02\/f72d1c8b-4244-49a3-82d0-d33eb77f5e0a.jpg\" class=\"attachment-thumbnail size-thumbnail\" alt=\"\" loading=\"lazy\" \/><\/a>\n\t\t\t<\/dt><\/dl>\n\t\t\t<br style='clear: both' \/>\n\t\t<\/div>\n\n<p>&nbsp;<\/p>\n<p>&nbsp;<\/p>\n","protected":false},"excerpt":{"rendered":"<p>Dzieci z grupy IV przygotowa\u0142y wspania\u0142e przedstawienie z okazji Dnia Babci i Dziadka, to przedstawienie to &#8221; Czerwony kapturek&#8221;. Zaproszeni go\u015bcie byli zachwyceni wspania\u0142\u0105 gr\u0105 ma\u0142ych aktor\u00f3w, brawo dzieci i Panie, kt\u00f3re czuwa\u0142y nad przygotowaniami i wyst\u0105pieniem fina\u0142owym.<\/p>\n","protected":false},"author":4,"featured_media":0,"comment_status":"closed","ping_status":"closed","sticky":false,"template":"","format":"standard","meta":[],"categories":[78],"tags":[],"_links":{"self":[{"href":"https:\/\/przedszkole12.sopot.pl\/index.php?rest_route=\/wp\/v2\/posts\/32565"}],"collection":[{"href":"https:\/\/przedszkole12.sopot.pl\/index.php?rest_route=\/wp\/v2\/posts"}],"about":[{"href":"https:\/\/przedszkole12.sopot.pl\/index.php?rest_route=\/wp\/v2\/types\/post"}],"author":[{"embeddable":true,"href":"https:\/\/przedszkole12.sopot.pl\/index.php?rest_route=\/wp\/v2\/users\/4"}],"replies":[{"embeddable":true,"href":"https:\/\/przedszkole12.sopot.pl\/index.php?rest_route=%2Fwp%2Fv2%2Fcomments&post=32565"}],"version-history":[{"count":2,"href":"https:\/\/przedszkole12.sopot.pl\/index.php?rest_route=\/wp\/v2\/posts\/32565\/revisions"}],"predecessor-version":[{"id":32578,"href":"https:\/\/przedszkole12.sopot.pl\/index.php?rest_route=\/wp\/v2\/posts\/32565\/revisions\/32578"}],"wp:attachment":[{"href":"https:\/\/przedszkole12.sopot.pl\/index.php?rest_route=%2Fwp%2Fv2%2Fmedia&parent=32565"}],"wp:term":[{"taxonomy":"category","embeddable":true,"href":"https:\/\/przedszkole12.sopot.pl\/index.php?rest_route=%2Fwp%2Fv2%2Fcategories&post=32565"},{"taxonomy":"post_tag","embeddable":true,"href":"https:\/\/przedszkole12.sopot.pl\/index.php?rest_route=%2Fwp%2Fv2%2Ftags&post=32565"}],"curies":[{"name":"wp","href":"https:\/\/api.w.org\/{rel}","templated":true}]}}