{"id":32552,"date":"2023-02-25T16:42:47","date_gmt":"2023-02-25T16:42:47","guid":{"rendered":"http:\/\/przedszkole12.sopot.pl\/?p=32552"},"modified":"2023-02-25T16:58:01","modified_gmt":"2023-02-25T16:58:01","slug":"bal-karnawalowy-14","status":"publish","type":"post","link":"https:\/\/przedszkole12.sopot.pl\/?p=32552","title":{"rendered":"Bal karnawa\u0142owy"},"content":{"rendered":"<p><em><strong>Bal karnawa\u0142owy<\/strong><\/em> obchodzili\u015bmy 14.02.2023r. (we wtorek).<\/p>\n<p>Dla przedszkolak\u00f3w to dzie\u0144 niezwyk\u0142y, cz\u0119sto wyczekiwany przez wiele tygodni. Tak te\u017c by\u0142o w naszej grupie. Wszystkie dzieci czerpa\u0142y mn\u00f3stwo rado\u015bci podczas zabawy karnawa\u0142owej. <!--more-->Na pocz\u0105tku zaprezentowano r\u00f3\u017cnorodne kostiumy i rekwizyty przy wsp\u00f3\u0142czesnej muzyce. Dzi\u0119kujemy rodzicom za przygotowanie pomys\u0142owych stroj\u00f3w dla dzieci oraz s\u0142odkiego i zdrowego pocz\u0119stunku. Dzieci spontanicznie i du\u017cym zaanga\u017cowaniem bra\u0142y udzia\u0142 w konkursach i konkurencjach zr\u0119czno\u015bciowych podczas kt\u00f3rych osi\u0105ga\u0142y sw\u00f3j sukces. Podczas zabaw taneczno-muzycznych rozwija\u0142y umiej\u0119tno\u015bci wsp\u00f3\u0142pracy w zespole. Za\u015b w czasie zabawy matematycznej rozwija\u0142y pami\u0119\u0107 w zakresie logicznego my\u015blenia przeliczaj\u0105c w zakresie 1-20 na ziarnach fasoli. W kolejnym etapie dzieci samodzielnie wykona\u0142y instrumenty muzyczne komponuj\u0105c w\u0142asny utw\u00f3r muzyczny. Na zako\u0144czenie dzieci mog\u0142y skorzysta\u0107 ze wsp\u00f3lnych fotek z kolegami, kole\u017cankami oraz paniami. Ka\u017cdy uczestnik balu otrzyma\u0142 upominek. R\u00f3wnie\u017c w tym dniu obchodzili\u015bmy <strong>Walentynki &#8211; patrona zakochanych. <\/strong>Dzi\u0119ki poczcie walentynkowej, kt\u00f3r\u0105 zorganizowa\u0142a<br \/>\np. Gra\u017cyna wraz z dzie\u0107mi grupy II wszystkie nasze dzieci i panie z naszej grupy otrzyma\u0142y urocze walentynki. Sporo pozytywnych emocji towarzyszy\u0142o wszystkim dzieciom i paniom.<\/p>\n\n\t\t<style type=\"text\/css\">\n\t\t\t#gallery-1 {\n\t\t\t\tmargin: auto;\n\t\t\t}\n\t\t\t#gallery-1 .gallery-item {\n\t\t\t\tfloat: left;\n\t\t\t\tmargin-top: 10px;\n\t\t\t\ttext-align: center;\n\t\t\t\twidth: 33%;\n\t\t\t}\n\t\t\t#gallery-1 img {\n\t\t\t\tborder: 2px solid #cfcfcf;\n\t\t\t}\n\t\t\t#gallery-1 .gallery-caption {\n\t\t\t\tmargin-left: 0;\n\t\t\t}\n\t\t\t\/* see gallery_shortcode() in wp-includes\/media.php *\/\n\t\t<\/style>\n\t\t<div id='gallery-1' class='gallery galleryid-32552 gallery-columns-3 gallery-size-thumbnail'><dl class='gallery-item'>\n\t\t\t<dt class='gallery-icon portrait'>\n\t\t\t\t<a href='https:\/\/przedszkole12.sopot.pl\/?attachment_id=32534'><img width=\"188\" height=\"250\" src=\"https:\/\/przedszkole12.sopot.pl\/wp-content\/uploads\/2023\/02\/IMG-20230217-WA0017.jpg\" class=\"attachment-thumbnail size-thumbnail\" alt=\"\" loading=\"lazy\" \/><\/a>\n\t\t\t<\/dt><\/dl><dl class='gallery-item'>\n\t\t\t<dt class='gallery-icon portrait'>\n\t\t\t\t<a href='https:\/\/przedszkole12.sopot.pl\/?attachment_id=32535'><img width=\"188\" height=\"250\" src=\"https:\/\/przedszkole12.sopot.pl\/wp-content\/uploads\/2023\/02\/IMG-20230217-WA0018.jpg\" class=\"attachment-thumbnail size-thumbnail\" alt=\"\" loading=\"lazy\" \/><\/a>\n\t\t\t<\/dt><\/dl><dl class='gallery-item'>\n\t\t\t<dt class='gallery-icon portrait'>\n\t\t\t\t<a href='https:\/\/przedszkole12.sopot.pl\/?attachment_id=32536'><img width=\"188\" height=\"250\" src=\"https:\/\/przedszkole12.sopot.pl\/wp-content\/uploads\/2023\/02\/IMG-20230217-WA0019.jpg\" class=\"attachment-thumbnail size-thumbnail\" alt=\"\" loading=\"lazy\" \/><\/a>\n\t\t\t<\/dt><\/dl><br style=\"clear: both\" \/><dl class='gallery-item'>\n\t\t\t<dt class='gallery-icon portrait'>\n\t\t\t\t<a href='https:\/\/przedszkole12.sopot.pl\/?attachment_id=32537'><img width=\"188\" height=\"250\" src=\"https:\/\/przedszkole12.sopot.pl\/wp-content\/uploads\/2023\/02\/IMG-20230217-WA0020.jpg\" class=\"attachment-thumbnail size-thumbnail\" alt=\"\" loading=\"lazy\" \/><\/a>\n\t\t\t<\/dt><\/dl><dl class='gallery-item'>\n\t\t\t<dt class='gallery-icon portrait'>\n\t\t\t\t<a href='https:\/\/przedszkole12.sopot.pl\/?attachment_id=32538'><img width=\"188\" height=\"250\" src=\"https:\/\/przedszkole12.sopot.pl\/wp-content\/uploads\/2023\/02\/IMG-20230217-WA0021.jpg\" class=\"attachment-thumbnail size-thumbnail\" alt=\"\" loading=\"lazy\" \/><\/a>\n\t\t\t<\/dt><\/dl><dl class='gallery-item'>\n\t\t\t<dt class='gallery-icon landscape'>\n\t\t\t\t<a href='https:\/\/przedszkole12.sopot.pl\/?attachment_id=32545'><img width=\"250\" height=\"188\" src=\"https:\/\/przedszkole12.sopot.pl\/wp-content\/uploads\/2023\/02\/IMG-20230217-WA0028.jpg\" class=\"attachment-thumbnail size-thumbnail\" alt=\"\" loading=\"lazy\" \/><\/a>\n\t\t\t<\/dt><\/dl><br style=\"clear: both\" \/><dl class='gallery-item'>\n\t\t\t<dt class='gallery-icon landscape'>\n\t\t\t\t<a href='https:\/\/przedszkole12.sopot.pl\/?attachment_id=32546'><img width=\"250\" height=\"188\" src=\"https:\/\/przedszkole12.sopot.pl\/wp-content\/uploads\/2023\/02\/IMG-20230217-WA0029.jpg\" class=\"attachment-thumbnail size-thumbnail\" alt=\"\" loading=\"lazy\" \/><\/a>\n\t\t\t<\/dt><\/dl><dl class='gallery-item'>\n\t\t\t<dt class='gallery-icon portrait'>\n\t\t\t\t<a href='https:\/\/przedszkole12.sopot.pl\/?attachment_id=32547'><img width=\"188\" height=\"250\" src=\"https:\/\/przedszkole12.sopot.pl\/wp-content\/uploads\/2023\/02\/IMG-20230217-WA0030.jpg\" class=\"attachment-thumbnail size-thumbnail\" alt=\"\" loading=\"lazy\" \/><\/a>\n\t\t\t<\/dt><\/dl><dl class='gallery-item'>\n\t\t\t<dt class='gallery-icon portrait'>\n\t\t\t\t<a href='https:\/\/przedszkole12.sopot.pl\/?attachment_id=32548'><img width=\"188\" height=\"250\" src=\"https:\/\/przedszkole12.sopot.pl\/wp-content\/uploads\/2023\/02\/IMG-20230217-WA0031.jpg\" class=\"attachment-thumbnail size-thumbnail\" alt=\"\" loading=\"lazy\" \/><\/a>\n\t\t\t<\/dt><\/dl><br style=\"clear: both\" \/><dl class='gallery-item'>\n\t\t\t<dt class='gallery-icon portrait'>\n\t\t\t\t<a href='https:\/\/przedszkole12.sopot.pl\/?attachment_id=32549'><img width=\"188\" height=\"250\" src=\"https:\/\/przedszkole12.sopot.pl\/wp-content\/uploads\/2023\/02\/IMG-20230217-WA0032.jpg\" class=\"attachment-thumbnail size-thumbnail\" alt=\"\" loading=\"lazy\" \/><\/a>\n\t\t\t<\/dt><\/dl><dl class='gallery-item'>\n\t\t\t<dt class='gallery-icon portrait'>\n\t\t\t\t<a href='https:\/\/przedszkole12.sopot.pl\/?attachment_id=32550'><img width=\"188\" height=\"250\" src=\"https:\/\/przedszkole12.sopot.pl\/wp-content\/uploads\/2023\/02\/IMG-20230217-WA0033.jpg\" class=\"attachment-thumbnail size-thumbnail\" alt=\"\" loading=\"lazy\" \/><\/a>\n\t\t\t<\/dt><\/dl><dl class='gallery-item'>\n\t\t\t<dt class='gallery-icon portrait'>\n\t\t\t\t<a href='https:\/\/przedszkole12.sopot.pl\/?attachment_id=32539'><img width=\"188\" height=\"250\" src=\"https:\/\/przedszkole12.sopot.pl\/wp-content\/uploads\/2023\/02\/IMG-20230217-WA0022.jpg\" class=\"attachment-thumbnail size-thumbnail\" alt=\"\" loading=\"lazy\" \/><\/a>\n\t\t\t<\/dt><\/dl><br style=\"clear: both\" \/><dl class='gallery-item'>\n\t\t\t<dt class='gallery-icon portrait'>\n\t\t\t\t<a href='https:\/\/przedszkole12.sopot.pl\/?attachment_id=32540'><img width=\"188\" height=\"250\" src=\"https:\/\/przedszkole12.sopot.pl\/wp-content\/uploads\/2023\/02\/IMG-20230217-WA0023.jpg\" class=\"attachment-thumbnail size-thumbnail\" alt=\"\" loading=\"lazy\" \/><\/a>\n\t\t\t<\/dt><\/dl><dl class='gallery-item'>\n\t\t\t<dt class='gallery-icon landscape'>\n\t\t\t\t<a href='https:\/\/przedszkole12.sopot.pl\/?attachment_id=32541'><img width=\"250\" height=\"188\" src=\"https:\/\/przedszkole12.sopot.pl\/wp-content\/uploads\/2023\/02\/IMG-20230217-WA0024.jpg\" class=\"attachment-thumbnail size-thumbnail\" alt=\"\" loading=\"lazy\" \/><\/a>\n\t\t\t<\/dt><\/dl><dl class='gallery-item'>\n\t\t\t<dt class='gallery-icon portrait'>\n\t\t\t\t<a href='https:\/\/przedszkole12.sopot.pl\/?attachment_id=32542'><img width=\"188\" height=\"250\" src=\"https:\/\/przedszkole12.sopot.pl\/wp-content\/uploads\/2023\/02\/IMG-20230217-WA0025.jpg\" class=\"attachment-thumbnail size-thumbnail\" alt=\"\" loading=\"lazy\" \/><\/a>\n\t\t\t<\/dt><\/dl><br style=\"clear: both\" \/><dl class='gallery-item'>\n\t\t\t<dt class='gallery-icon portrait'>\n\t\t\t\t<a href='https:\/\/przedszkole12.sopot.pl\/?attachment_id=32543'><img width=\"188\" height=\"250\" src=\"https:\/\/przedszkole12.sopot.pl\/wp-content\/uploads\/2023\/02\/IMG-20230217-WA0026.jpg\" class=\"attachment-thumbnail size-thumbnail\" alt=\"\" loading=\"lazy\" \/><\/a>\n\t\t\t<\/dt><\/dl><dl class='gallery-item'>\n\t\t\t<dt class='gallery-icon portrait'>\n\t\t\t\t<a href='https:\/\/przedszkole12.sopot.pl\/?attachment_id=32544'><img width=\"188\" height=\"250\" src=\"https:\/\/przedszkole12.sopot.pl\/wp-content\/uploads\/2023\/02\/IMG-20230217-WA0027.jpg\" class=\"attachment-thumbnail size-thumbnail\" alt=\"\" loading=\"lazy\" \/><\/a>\n\t\t\t<\/dt><\/dl>\n\t\t\t<br style='clear: both' \/>\n\t\t<\/div>\n\n\n\t\t<style type=\"text\/css\">\n\t\t\t#gallery-2 {\n\t\t\t\tmargin: auto;\n\t\t\t}\n\t\t\t#gallery-2 .gallery-item {\n\t\t\t\tfloat: left;\n\t\t\t\tmargin-top: 10px;\n\t\t\t\ttext-align: center;\n\t\t\t\twidth: 33%;\n\t\t\t}\n\t\t\t#gallery-2 img {\n\t\t\t\tborder: 2px solid #cfcfcf;\n\t\t\t}\n\t\t\t#gallery-2 .gallery-caption {\n\t\t\t\tmargin-left: 0;\n\t\t\t}\n\t\t\t\/* see gallery_shortcode() in wp-includes\/media.php *\/\n\t\t<\/style>\n\t\t<div id='gallery-2' class='gallery galleryid-32552 gallery-columns-3 gallery-size-thumbnail'><dl class='gallery-item'>\n\t\t\t<dt class='gallery-icon portrait'>\n\t\t\t\t<a href='https:\/\/przedszkole12.sopot.pl\/?attachment_id=32558'><img width=\"188\" height=\"250\" src=\"https:\/\/przedszkole12.sopot.pl\/wp-content\/uploads\/2023\/02\/IMG-20230217-WA0004.jpg\" class=\"attachment-thumbnail size-thumbnail\" alt=\"\" loading=\"lazy\" \/><\/a>\n\t\t\t<\/dt><\/dl><dl class='gallery-item'>\n\t\t\t<dt class='gallery-icon landscape'>\n\t\t\t\t<a href='https:\/\/przedszkole12.sopot.pl\/?attachment_id=32559'><img width=\"250\" height=\"188\" src=\"https:\/\/przedszkole12.sopot.pl\/wp-content\/uploads\/2023\/02\/IMG-20230217-WA0006-1.jpg\" class=\"attachment-thumbnail size-thumbnail\" alt=\"\" loading=\"lazy\" \/><\/a>\n\t\t\t<\/dt><\/dl><dl class='gallery-item'>\n\t\t\t<dt class='gallery-icon portrait'>\n\t\t\t\t<a href='https:\/\/przedszkole12.sopot.pl\/?attachment_id=32560'><img width=\"188\" height=\"250\" src=\"https:\/\/przedszkole12.sopot.pl\/wp-content\/uploads\/2023\/02\/IMG-20230217-WA0007.jpg\" class=\"attachment-thumbnail size-thumbnail\" alt=\"\" loading=\"lazy\" \/><\/a>\n\t\t\t<\/dt><\/dl><br style=\"clear: both\" \/><dl class='gallery-item'>\n\t\t\t<dt class='gallery-icon portrait'>\n\t\t\t\t<a href='https:\/\/przedszkole12.sopot.pl\/?attachment_id=32561'><img width=\"188\" height=\"250\" src=\"https:\/\/przedszkole12.sopot.pl\/wp-content\/uploads\/2023\/02\/IMG-20230217-WA0008.jpg\" class=\"attachment-thumbnail size-thumbnail\" alt=\"\" loading=\"lazy\" \/><\/a>\n\t\t\t<\/dt><\/dl><dl class='gallery-item'>\n\t\t\t<dt class='gallery-icon portrait'>\n\t\t\t\t<a href='https:\/\/przedszkole12.sopot.pl\/?attachment_id=32562'><img width=\"188\" height=\"250\" src=\"https:\/\/przedszkole12.sopot.pl\/wp-content\/uploads\/2023\/02\/IMG-20230217-WA0012.jpg\" class=\"attachment-thumbnail size-thumbnail\" alt=\"\" loading=\"lazy\" \/><\/a>\n\t\t\t<\/dt><\/dl>\n\t\t\t<br style='clear: both' \/>\n\t\t<\/div>\n\n","protected":false},"excerpt":{"rendered":"<p>Bal karnawa\u0142owy obchodzili\u015bmy 14.02.2023r. (we wtorek). Dla przedszkolak\u00f3w to dzie\u0144 niezwyk\u0142y, cz\u0119sto wyczekiwany przez wiele tygodni. Tak te\u017c by\u0142o w naszej grupie. Wszystkie dzieci czerpa\u0142y mn\u00f3stwo rado\u015bci podczas zabawy karnawa\u0142owej.<\/p>\n","protected":false},"author":4,"featured_media":0,"comment_status":"closed","ping_status":"closed","sticky":false,"template":"","format":"standard","meta":[],"categories":[79],"tags":[],"_links":{"self":[{"href":"https:\/\/przedszkole12.sopot.pl\/index.php?rest_route=\/wp\/v2\/posts\/32552"}],"collection":[{"href":"https:\/\/przedszkole12.sopot.pl\/index.php?rest_route=\/wp\/v2\/posts"}],"about":[{"href":"https:\/\/przedszkole12.sopot.pl\/index.php?rest_route=\/wp\/v2\/types\/post"}],"author":[{"embeddable":true,"href":"https:\/\/przedszkole12.sopot.pl\/index.php?rest_route=\/wp\/v2\/users\/4"}],"replies":[{"embeddable":true,"href":"https:\/\/przedszkole12.sopot.pl\/index.php?rest_route=%2Fwp%2Fv2%2Fcomments&post=32552"}],"version-history":[{"count":3,"href":"https:\/\/przedszkole12.sopot.pl\/index.php?rest_route=\/wp\/v2\/posts\/32552\/revisions"}],"predecessor-version":[{"id":32564,"href":"https:\/\/przedszkole12.sopot.pl\/index.php?rest_route=\/wp\/v2\/posts\/32552\/revisions\/32564"}],"wp:attachment":[{"href":"https:\/\/przedszkole12.sopot.pl\/index.php?rest_route=%2Fwp%2Fv2%2Fmedia&parent=32552"}],"wp:term":[{"taxonomy":"category","embeddable":true,"href":"https:\/\/przedszkole12.sopot.pl\/index.php?rest_route=%2Fwp%2Fv2%2Fcategories&post=32552"},{"taxonomy":"post_tag","embeddable":true,"href":"https:\/\/przedszkole12.sopot.pl\/index.php?rest_route=%2Fwp%2Fv2%2Ftags&post=32552"}],"curies":[{"name":"wp","href":"https:\/\/api.w.org\/{rel}","templated":true}]}}