{"id":32507,"date":"2023-02-22T21:17:04","date_gmt":"2023-02-22T21:17:04","guid":{"rendered":"http:\/\/przedszkole12.sopot.pl\/?p=32507"},"modified":"2023-02-22T21:18:30","modified_gmt":"2023-02-22T21:18:30","slug":"poczta-walentynkowa","status":"publish","type":"post","link":"https:\/\/przedszkole12.sopot.pl\/?p=32507","title":{"rendered":"Poczta Walentynkowa"},"content":{"rendered":"<p>Poczta Walentynkowa w tym roku mia\u0142a sw\u00f3j szcz\u0119\u015bliwy i bardzo radosny fina\u0142. W dniu 14 lutego 2023, mali listonosze z naszej grupy 2 wraz ze swoimi Paniami mieli bardzo du\u017co pracy w zwi\u0105zku z segregowaniem i dostarczeniem do wszystkich grup mn\u00f3stwa kartek &#8222;Walentynkowych &#8221; dla przedszkolak\u00f3w i pracownik\u00f3w naszego przedszkola. By\u0142o bardzo du\u017co rado\u015bci i u\u015bmiechu. Ilo\u015b\u0107 kartek oraz ich wykonanie, przekroczy\u0142y nasze oczekiwania. Kartki by\u0142y przepi\u0119kne, bardzo dzi\u0119kujemy w imieniu wszystkich obdarowanych. :).<\/p>\n<p><!--more--><\/p>\n\n\t\t<style type=\"text\/css\">\n\t\t\t#gallery-1 {\n\t\t\t\tmargin: auto;\n\t\t\t}\n\t\t\t#gallery-1 .gallery-item {\n\t\t\t\tfloat: left;\n\t\t\t\tmargin-top: 10px;\n\t\t\t\ttext-align: center;\n\t\t\t\twidth: 33%;\n\t\t\t}\n\t\t\t#gallery-1 img {\n\t\t\t\tborder: 2px solid #cfcfcf;\n\t\t\t}\n\t\t\t#gallery-1 .gallery-caption {\n\t\t\t\tmargin-left: 0;\n\t\t\t}\n\t\t\t\/* see gallery_shortcode() in wp-includes\/media.php *\/\n\t\t<\/style>\n\t\t<div id='gallery-1' class='gallery galleryid-32507 gallery-columns-3 gallery-size-thumbnail'><dl class='gallery-item'>\n\t\t\t<dt class='gallery-icon portrait'>\n\t\t\t\t<a href='https:\/\/przedszkole12.sopot.pl\/?attachment_id=32509'><img width=\"187\" height=\"250\" src=\"https:\/\/przedszkole12.sopot.pl\/wp-content\/uploads\/2023\/02\/IMG_3731.jpg\" class=\"attachment-thumbnail size-thumbnail\" alt=\"\" loading=\"lazy\" \/><\/a>\n\t\t\t<\/dt><\/dl><dl class='gallery-item'>\n\t\t\t<dt class='gallery-icon landscape'>\n\t\t\t\t<a href='https:\/\/przedszkole12.sopot.pl\/?attachment_id=32510'><img width=\"250\" height=\"188\" src=\"https:\/\/przedszkole12.sopot.pl\/wp-content\/uploads\/2023\/02\/IMG_3735.jpg\" class=\"attachment-thumbnail size-thumbnail\" alt=\"\" loading=\"lazy\" \/><\/a>\n\t\t\t<\/dt><\/dl><dl class='gallery-item'>\n\t\t\t<dt class='gallery-icon landscape'>\n\t\t\t\t<a href='https:\/\/przedszkole12.sopot.pl\/?attachment_id=32511'><img width=\"250\" height=\"188\" src=\"https:\/\/przedszkole12.sopot.pl\/wp-content\/uploads\/2023\/02\/IMG_3737.jpg\" class=\"attachment-thumbnail size-thumbnail\" alt=\"\" loading=\"lazy\" \/><\/a>\n\t\t\t<\/dt><\/dl><br style=\"clear: both\" \/><dl class='gallery-item'>\n\t\t\t<dt class='gallery-icon landscape'>\n\t\t\t\t<a href='https:\/\/przedszkole12.sopot.pl\/?attachment_id=32512'><img width=\"250\" height=\"188\" src=\"https:\/\/przedszkole12.sopot.pl\/wp-content\/uploads\/2023\/02\/IMG_3739.jpg\" class=\"attachment-thumbnail size-thumbnail\" alt=\"\" loading=\"lazy\" \/><\/a>\n\t\t\t<\/dt><\/dl><dl class='gallery-item'>\n\t\t\t<dt class='gallery-icon landscape'>\n\t\t\t\t<a href='https:\/\/przedszkole12.sopot.pl\/?attachment_id=32513'><img width=\"250\" height=\"188\" src=\"https:\/\/przedszkole12.sopot.pl\/wp-content\/uploads\/2023\/02\/IMG_3741.jpg\" class=\"attachment-thumbnail size-thumbnail\" alt=\"\" loading=\"lazy\" \/><\/a>\n\t\t\t<\/dt><\/dl><dl class='gallery-item'>\n\t\t\t<dt class='gallery-icon landscape'>\n\t\t\t\t<a href='https:\/\/przedszkole12.sopot.pl\/?attachment_id=32514'><img width=\"250\" height=\"188\" src=\"https:\/\/przedszkole12.sopot.pl\/wp-content\/uploads\/2023\/02\/IMG_3747.jpg\" class=\"attachment-thumbnail size-thumbnail\" alt=\"\" loading=\"lazy\" \/><\/a>\n\t\t\t<\/dt><\/dl><br style=\"clear: both\" \/><dl class='gallery-item'>\n\t\t\t<dt class='gallery-icon landscape'>\n\t\t\t\t<a href='https:\/\/przedszkole12.sopot.pl\/?attachment_id=32515'><img width=\"250\" height=\"188\" src=\"https:\/\/przedszkole12.sopot.pl\/wp-content\/uploads\/2023\/02\/IMG_3750.jpg\" class=\"attachment-thumbnail size-thumbnail\" alt=\"\" loading=\"lazy\" \/><\/a>\n\t\t\t<\/dt><\/dl><dl class='gallery-item'>\n\t\t\t<dt class='gallery-icon landscape'>\n\t\t\t\t<a href='https:\/\/przedszkole12.sopot.pl\/?attachment_id=32516'><img width=\"250\" height=\"188\" src=\"https:\/\/przedszkole12.sopot.pl\/wp-content\/uploads\/2023\/02\/IMG_3756.jpg\" class=\"attachment-thumbnail size-thumbnail\" alt=\"\" loading=\"lazy\" \/><\/a>\n\t\t\t<\/dt><\/dl><dl class='gallery-item'>\n\t\t\t<dt class='gallery-icon landscape'>\n\t\t\t\t<a href='https:\/\/przedszkole12.sopot.pl\/?attachment_id=32517'><img width=\"250\" height=\"188\" src=\"https:\/\/przedszkole12.sopot.pl\/wp-content\/uploads\/2023\/02\/IMG_3765.jpg\" class=\"attachment-thumbnail size-thumbnail\" alt=\"\" loading=\"lazy\" \/><\/a>\n\t\t\t<\/dt><\/dl><br style=\"clear: both\" \/>\n\t\t<\/div>\n\n<p>&nbsp;<\/p>\n","protected":false},"excerpt":{"rendered":"<p>Poczta Walentynkowa w tym roku mia\u0142a sw\u00f3j szcz\u0119\u015bliwy i bardzo radosny fina\u0142. W dniu 14 lutego 2023, mali listonosze z naszej grupy 2 wraz ze swoimi Paniami mieli bardzo du\u017co pracy w zwi\u0105zku z segregowaniem i dostarczeniem do wszystkich grup mn\u00f3stwa kartek &#8222;Walentynkowych &#8221; dla przedszkolak\u00f3w i pracownik\u00f3w naszego przedszkola. By\u0142o bardzo du\u017co rado\u015bci i u\u015bmiechu. Ilo\u015b\u0107 kartek oraz ich wykonanie, przekroczy\u0142y nasze oczekiwania. Kartki by\u0142y przepi\u0119kne, bardzo dzi\u0119kujemy w imieniu wszystkich obdarowanych. :).<\/p>\n","protected":false},"author":4,"featured_media":0,"comment_status":"closed","ping_status":"closed","sticky":false,"template":"","format":"standard","meta":[],"categories":[76],"tags":[],"_links":{"self":[{"href":"https:\/\/przedszkole12.sopot.pl\/index.php?rest_route=\/wp\/v2\/posts\/32507"}],"collection":[{"href":"https:\/\/przedszkole12.sopot.pl\/index.php?rest_route=\/wp\/v2\/posts"}],"about":[{"href":"https:\/\/przedszkole12.sopot.pl\/index.php?rest_route=\/wp\/v2\/types\/post"}],"author":[{"embeddable":true,"href":"https:\/\/przedszkole12.sopot.pl\/index.php?rest_route=\/wp\/v2\/users\/4"}],"replies":[{"embeddable":true,"href":"https:\/\/przedszkole12.sopot.pl\/index.php?rest_route=%2Fwp%2Fv2%2Fcomments&post=32507"}],"version-history":[{"count":1,"href":"https:\/\/przedszkole12.sopot.pl\/index.php?rest_route=\/wp\/v2\/posts\/32507\/revisions"}],"predecessor-version":[{"id":32518,"href":"https:\/\/przedszkole12.sopot.pl\/index.php?rest_route=\/wp\/v2\/posts\/32507\/revisions\/32518"}],"wp:attachment":[{"href":"https:\/\/przedszkole12.sopot.pl\/index.php?rest_route=%2Fwp%2Fv2%2Fmedia&parent=32507"}],"wp:term":[{"taxonomy":"category","embeddable":true,"href":"https:\/\/przedszkole12.sopot.pl\/index.php?rest_route=%2Fwp%2Fv2%2Fcategories&post=32507"},{"taxonomy":"post_tag","embeddable":true,"href":"https:\/\/przedszkole12.sopot.pl\/index.php?rest_route=%2Fwp%2Fv2%2Ftags&post=32507"}],"curies":[{"name":"wp","href":"https:\/\/api.w.org\/{rel}","templated":true}]}}