{"id":32375,"date":"2023-02-12T09:10:13","date_gmt":"2023-02-12T09:10:13","guid":{"rendered":"http:\/\/przedszkole12.sopot.pl\/?p=32375"},"modified":"2023-02-12T09:10:13","modified_gmt":"2023-02-12T09:10:13","slug":"dzien-babci-i-dziadka-11","status":"publish","type":"post","link":"https:\/\/przedszkole12.sopot.pl\/?p=32375","title":{"rendered":"Dzie\u0144 Babci i Dziadka"},"content":{"rendered":"<p>W dniu 7 lutego mieli\u015bmy ogromn\u0105 przyjemno\u015b\u0107 go\u015bci\u0107 Babcie i Dziadk\u00f3w dzieci z naszej grupy. W przygotowanym monta\u017cu s\u0142owno- muzycznym dzieci z lornetkami obserwowa\u0142y babcie i dziadk\u00f3w wykonuj\u0105cych r\u00f3\u017cne czynno\u015bci. Byli to jednak nowocze\u015bni dziadkowie, kt\u00f3rym komputer i \u0107wiczenia z Chodakowsk\u0105 nie s\u0105 straszne. Nie zabrak\u0142o r\u00f3wnie\u017c piosenek i ta\u0144ca. Dzieci przygotowa\u0142y dla swoich bab\u0107 i dziadk\u00f3w r\u00f3wnie\u017c upominki- pi\u0119kne z\u0142ote rybki spe\u0142niaj\u0105ce \u017cyczenia. Dzi\u0119kujemy rodzicom za przygotowanie pysznego pocz\u0119stunku a BABCIOM I DZIADKOM \u017bYCZYMY 100 LAT!<!--more--><\/p>\n\n\t\t<style type=\"text\/css\">\n\t\t\t#gallery-1 {\n\t\t\t\tmargin: auto;\n\t\t\t}\n\t\t\t#gallery-1 .gallery-item {\n\t\t\t\tfloat: left;\n\t\t\t\tmargin-top: 10px;\n\t\t\t\ttext-align: center;\n\t\t\t\twidth: 20%;\n\t\t\t}\n\t\t\t#gallery-1 img {\n\t\t\t\tborder: 2px solid #cfcfcf;\n\t\t\t}\n\t\t\t#gallery-1 .gallery-caption {\n\t\t\t\tmargin-left: 0;\n\t\t\t}\n\t\t\t\/* see gallery_shortcode() in wp-includes\/media.php *\/\n\t\t<\/style>\n\t\t<div id='gallery-1' class='gallery galleryid-32375 gallery-columns-5 gallery-size-thumbnail'><dl class='gallery-item'>\n\t\t\t<dt class='gallery-icon landscape'>\n\t\t\t\t<a href='https:\/\/przedszkole12.sopot.pl\/?attachment_id=32376'><img width=\"250\" height=\"250\" src=\"https:\/\/przedszkole12.sopot.pl\/wp-content\/uploads\/2023\/02\/IMG-20230209-WA0010-250x250.jpg\" class=\"attachment-thumbnail size-thumbnail\" alt=\"\" loading=\"lazy\" \/><\/a>\n\t\t\t<\/dt><\/dl><dl class='gallery-item'>\n\t\t\t<dt class='gallery-icon landscape'>\n\t\t\t\t<a href='https:\/\/przedszkole12.sopot.pl\/?attachment_id=32377'><img width=\"250\" height=\"250\" src=\"https:\/\/przedszkole12.sopot.pl\/wp-content\/uploads\/2023\/02\/IMG-20230209-WA0009-250x250.jpg\" class=\"attachment-thumbnail size-thumbnail\" alt=\"\" loading=\"lazy\" srcset=\"https:\/\/przedszkole12.sopot.pl\/wp-content\/uploads\/2023\/02\/IMG-20230209-WA0009-250x250.jpg 250w, https:\/\/przedszkole12.sopot.pl\/wp-content\/uploads\/2023\/02\/IMG-20230209-WA0009-380x380.jpg 380w, https:\/\/przedszkole12.sopot.pl\/wp-content\/uploads\/2023\/02\/IMG-20230209-WA0009.jpg 500w\" sizes=\"(max-width: 250px) 100vw, 250px\" \/><\/a>\n\t\t\t<\/dt><\/dl><dl class='gallery-item'>\n\t\t\t<dt class='gallery-icon landscape'>\n\t\t\t\t<a href='https:\/\/przedszkole12.sopot.pl\/?attachment_id=32378'><img width=\"250\" height=\"250\" src=\"https:\/\/przedszkole12.sopot.pl\/wp-content\/uploads\/2023\/02\/IMG-20230209-WA0007-250x250.jpg\" class=\"attachment-thumbnail size-thumbnail\" alt=\"\" loading=\"lazy\" srcset=\"https:\/\/przedszkole12.sopot.pl\/wp-content\/uploads\/2023\/02\/IMG-20230209-WA0007-250x250.jpg 250w, https:\/\/przedszkole12.sopot.pl\/wp-content\/uploads\/2023\/02\/IMG-20230209-WA0007-380x380.jpg 380w, https:\/\/przedszkole12.sopot.pl\/wp-content\/uploads\/2023\/02\/IMG-20230209-WA0007.jpg 500w\" sizes=\"(max-width: 250px) 100vw, 250px\" \/><\/a>\n\t\t\t<\/dt><\/dl><dl class='gallery-item'>\n\t\t\t<dt class='gallery-icon landscape'>\n\t\t\t\t<a href='https:\/\/przedszkole12.sopot.pl\/?attachment_id=32379'><img width=\"250\" height=\"250\" src=\"https:\/\/przedszkole12.sopot.pl\/wp-content\/uploads\/2023\/02\/IMG-20230209-WA0006-250x250.jpg\" class=\"attachment-thumbnail size-thumbnail\" alt=\"\" loading=\"lazy\" srcset=\"https:\/\/przedszkole12.sopot.pl\/wp-content\/uploads\/2023\/02\/IMG-20230209-WA0006-250x250.jpg 250w, https:\/\/przedszkole12.sopot.pl\/wp-content\/uploads\/2023\/02\/IMG-20230209-WA0006-380x380.jpg 380w, https:\/\/przedszkole12.sopot.pl\/wp-content\/uploads\/2023\/02\/IMG-20230209-WA0006.jpg 500w\" sizes=\"(max-width: 250px) 100vw, 250px\" \/><\/a>\n\t\t\t<\/dt><\/dl><dl class='gallery-item'>\n\t\t\t<dt class='gallery-icon landscape'>\n\t\t\t\t<a href='https:\/\/przedszkole12.sopot.pl\/?attachment_id=32380'><img width=\"250\" height=\"250\" src=\"https:\/\/przedszkole12.sopot.pl\/wp-content\/uploads\/2023\/02\/IMG-20230209-WA0004-250x250.jpg\" class=\"attachment-thumbnail size-thumbnail\" alt=\"\" loading=\"lazy\" srcset=\"https:\/\/przedszkole12.sopot.pl\/wp-content\/uploads\/2023\/02\/IMG-20230209-WA0004-250x250.jpg 250w, https:\/\/przedszkole12.sopot.pl\/wp-content\/uploads\/2023\/02\/IMG-20230209-WA0004-380x380.jpg 380w, https:\/\/przedszkole12.sopot.pl\/wp-content\/uploads\/2023\/02\/IMG-20230209-WA0004.jpg 500w\" sizes=\"(max-width: 250px) 100vw, 250px\" \/><\/a>\n\t\t\t<\/dt><\/dl><br style=\"clear: both\" \/><dl class='gallery-item'>\n\t\t\t<dt class='gallery-icon landscape'>\n\t\t\t\t<a href='https:\/\/przedszkole12.sopot.pl\/?attachment_id=32381'><img width=\"250\" height=\"250\" src=\"https:\/\/przedszkole12.sopot.pl\/wp-content\/uploads\/2023\/02\/IMG-20230209-WA0002-250x250.jpg\" class=\"attachment-thumbnail size-thumbnail\" alt=\"\" loading=\"lazy\" srcset=\"https:\/\/przedszkole12.sopot.pl\/wp-content\/uploads\/2023\/02\/IMG-20230209-WA0002-250x250.jpg 250w, https:\/\/przedszkole12.sopot.pl\/wp-content\/uploads\/2023\/02\/IMG-20230209-WA0002-380x380.jpg 380w, https:\/\/przedszkole12.sopot.pl\/wp-content\/uploads\/2023\/02\/IMG-20230209-WA0002.jpg 500w\" sizes=\"(max-width: 250px) 100vw, 250px\" \/><\/a>\n\t\t\t<\/dt><\/dl><dl class='gallery-item'>\n\t\t\t<dt class='gallery-icon landscape'>\n\t\t\t\t<a href='https:\/\/przedszkole12.sopot.pl\/?attachment_id=32382'><img width=\"250\" height=\"250\" src=\"https:\/\/przedszkole12.sopot.pl\/wp-content\/uploads\/2023\/02\/IMG-20230209-WA0000-250x250.jpg\" class=\"attachment-thumbnail size-thumbnail\" alt=\"\" loading=\"lazy\" srcset=\"https:\/\/przedszkole12.sopot.pl\/wp-content\/uploads\/2023\/02\/IMG-20230209-WA0000-250x250.jpg 250w, https:\/\/przedszkole12.sopot.pl\/wp-content\/uploads\/2023\/02\/IMG-20230209-WA0000-380x380.jpg 380w, https:\/\/przedszkole12.sopot.pl\/wp-content\/uploads\/2023\/02\/IMG-20230209-WA0000.jpg 500w\" sizes=\"(max-width: 250px) 100vw, 250px\" \/><\/a>\n\t\t\t<\/dt><\/dl>\n\t\t\t<br style='clear: both' \/>\n\t\t<\/div>\n\n","protected":false},"excerpt":{"rendered":"<p>W dniu 7 lutego mieli\u015bmy ogromn\u0105 przyjemno\u015b\u0107 go\u015bci\u0107 Babcie i Dziadk\u00f3w dzieci z naszej grupy. W przygotowanym monta\u017cu s\u0142owno- muzycznym dzieci z lornetkami obserwowa\u0142y babcie i dziadk\u00f3w wykonuj\u0105cych r\u00f3\u017cne czynno\u015bci. Byli to jednak nowocze\u015bni dziadkowie, kt\u00f3rym komputer i \u0107wiczenia z Chodakowsk\u0105 nie s\u0105 straszne. Nie zabrak\u0142o r\u00f3wnie\u017c piosenek i ta\u0144ca. Dzieci przygotowa\u0142y dla swoich bab\u0107 i dziadk\u00f3w r\u00f3wnie\u017c upominki- pi\u0119kne z\u0142ote rybki spe\u0142niaj\u0105ce \u017cyczenia. Dzi\u0119kujemy rodzicom za przygotowanie pysznego pocz\u0119stunku a BABCIOM I DZIADKOM \u017bYCZYMY 100 LAT!<\/p>\n","protected":false},"author":4,"featured_media":32383,"comment_status":"closed","ping_status":"closed","sticky":false,"template":"","format":"standard","meta":[],"categories":[79],"tags":[],"_links":{"self":[{"href":"https:\/\/przedszkole12.sopot.pl\/index.php?rest_route=\/wp\/v2\/posts\/32375"}],"collection":[{"href":"https:\/\/przedszkole12.sopot.pl\/index.php?rest_route=\/wp\/v2\/posts"}],"about":[{"href":"https:\/\/przedszkole12.sopot.pl\/index.php?rest_route=\/wp\/v2\/types\/post"}],"author":[{"embeddable":true,"href":"https:\/\/przedszkole12.sopot.pl\/index.php?rest_route=\/wp\/v2\/users\/4"}],"replies":[{"embeddable":true,"href":"https:\/\/przedszkole12.sopot.pl\/index.php?rest_route=%2Fwp%2Fv2%2Fcomments&post=32375"}],"version-history":[{"count":1,"href":"https:\/\/przedszkole12.sopot.pl\/index.php?rest_route=\/wp\/v2\/posts\/32375\/revisions"}],"predecessor-version":[{"id":32384,"href":"https:\/\/przedszkole12.sopot.pl\/index.php?rest_route=\/wp\/v2\/posts\/32375\/revisions\/32384"}],"wp:featuredmedia":[{"embeddable":true,"href":"https:\/\/przedszkole12.sopot.pl\/index.php?rest_route=\/wp\/v2\/media\/32383"}],"wp:attachment":[{"href":"https:\/\/przedszkole12.sopot.pl\/index.php?rest_route=%2Fwp%2Fv2%2Fmedia&parent=32375"}],"wp:term":[{"taxonomy":"category","embeddable":true,"href":"https:\/\/przedszkole12.sopot.pl\/index.php?rest_route=%2Fwp%2Fv2%2Fcategories&post=32375"},{"taxonomy":"post_tag","embeddable":true,"href":"https:\/\/przedszkole12.sopot.pl\/index.php?rest_route=%2Fwp%2Fv2%2Ftags&post=32375"}],"curies":[{"name":"wp","href":"https:\/\/api.w.org\/{rel}","templated":true}]}}