{"id":30930,"date":"2022-10-30T12:32:27","date_gmt":"2022-10-30T12:32:27","guid":{"rendered":"http:\/\/przedszkole12.sopot.pl\/?p=30930"},"modified":"2022-10-30T12:32:27","modified_gmt":"2022-10-30T12:32:27","slug":"e-twinning-a-small-child-says-a-beautiful-word-international-elders-day-1st-october","status":"publish","type":"post","link":"https:\/\/przedszkole12.sopot.pl\/?p=30930","title":{"rendered":"e-Twinning &#8222;A small child says a beautiful word&#8221; INTERNATIONAL ELDERS DAY 1st October"},"content":{"rendered":"<p>W ramach realizacji projektu e-Twinning &#8222;A small child says a beautiful word&#8221; w miesi\u0105cu pa\u017adzierniku zwr\u00f3cili\u015bmy uwag\u0119 dzieci na pami\u0119\u0107 o osobach starszych. Dzie\u0144 Babci i Dziadka w Polsce obchodzimy w styczniu, ale nic nie sta\u0142o na przeszkodzie, aby\u015bmy przygotowali ramki na zdj\u0119cia z babci\u0105 i dziadkiem, gdy\u017c pierwszy pa\u017adziernika to Mi\u0119dzynarodowy Dzie\u0144 Os\u00f3b Starszych.<!--more--><\/p>\n\n\t\t<style type=\"text\/css\">\n\t\t\t#gallery-1 {\n\t\t\t\tmargin: auto;\n\t\t\t}\n\t\t\t#gallery-1 .gallery-item {\n\t\t\t\tfloat: left;\n\t\t\t\tmargin-top: 10px;\n\t\t\t\ttext-align: center;\n\t\t\t\twidth: 20%;\n\t\t\t}\n\t\t\t#gallery-1 img {\n\t\t\t\tborder: 2px solid #cfcfcf;\n\t\t\t}\n\t\t\t#gallery-1 .gallery-caption {\n\t\t\t\tmargin-left: 0;\n\t\t\t}\n\t\t\t\/* see gallery_shortcode() in wp-includes\/media.php *\/\n\t\t<\/style>\n\t\t<div id='gallery-1' class='gallery galleryid-30930 gallery-columns-5 gallery-size-thumbnail'><dl class='gallery-item'>\n\t\t\t<dt class='gallery-icon landscape'>\n\t\t\t\t<a href='https:\/\/przedszkole12.sopot.pl\/?attachment_id=30931'><img width=\"250\" height=\"250\" src=\"https:\/\/przedszkole12.sopot.pl\/wp-content\/uploads\/2022\/10\/GridArt_20221027_084834525-250x250.jpg\" class=\"attachment-thumbnail size-thumbnail\" alt=\"\" loading=\"lazy\" srcset=\"https:\/\/przedszkole12.sopot.pl\/wp-content\/uploads\/2022\/10\/GridArt_20221027_084834525-250x250.jpg 250w, https:\/\/przedszkole12.sopot.pl\/wp-content\/uploads\/2022\/10\/GridArt_20221027_084834525-380x380.jpg 380w, https:\/\/przedszkole12.sopot.pl\/wp-content\/uploads\/2022\/10\/GridArt_20221027_084834525.jpg 500w\" sizes=\"(max-width: 250px) 100vw, 250px\" \/><\/a>\n\t\t\t<\/dt><\/dl><dl class='gallery-item'>\n\t\t\t<dt class='gallery-icon landscape'>\n\t\t\t\t<a href='https:\/\/przedszkole12.sopot.pl\/?attachment_id=30932'><img width=\"250\" height=\"250\" src=\"https:\/\/przedszkole12.sopot.pl\/wp-content\/uploads\/2022\/10\/GridArt_20221027_173957885-250x250.jpg\" class=\"attachment-thumbnail size-thumbnail\" alt=\"\" loading=\"lazy\" srcset=\"https:\/\/przedszkole12.sopot.pl\/wp-content\/uploads\/2022\/10\/GridArt_20221027_173957885-250x250.jpg 250w, https:\/\/przedszkole12.sopot.pl\/wp-content\/uploads\/2022\/10\/GridArt_20221027_173957885-380x380.jpg 380w, https:\/\/przedszkole12.sopot.pl\/wp-content\/uploads\/2022\/10\/GridArt_20221027_173957885.jpg 500w\" sizes=\"(max-width: 250px) 100vw, 250px\" \/><\/a>\n\t\t\t<\/dt><\/dl>\n\t\t\t<br style='clear: both' \/>\n\t\t<\/div>\n\n<p>&nbsp;<\/p>\n","protected":false},"excerpt":{"rendered":"<p>W ramach realizacji projektu e-Twinning &#8222;A small child says a beautiful word&#8221; w miesi\u0105cu pa\u017adzierniku zwr\u00f3cili\u015bmy uwag\u0119 dzieci na pami\u0119\u0107 o osobach starszych. Dzie\u0144 Babci i Dziadka w Polsce obchodzimy w styczniu, ale nic nie sta\u0142o na przeszkodzie, aby\u015bmy przygotowali ramki na zdj\u0119cia z babci\u0105 i dziadkiem, gdy\u017c pierwszy pa\u017adziernika to Mi\u0119dzynarodowy Dzie\u0144 Os\u00f3b Starszych.<\/p>\n","protected":false},"author":4,"featured_media":30933,"comment_status":"closed","ping_status":"closed","sticky":false,"template":"","format":"standard","meta":[],"categories":[80],"tags":[],"_links":{"self":[{"href":"https:\/\/przedszkole12.sopot.pl\/index.php?rest_route=\/wp\/v2\/posts\/30930"}],"collection":[{"href":"https:\/\/przedszkole12.sopot.pl\/index.php?rest_route=\/wp\/v2\/posts"}],"about":[{"href":"https:\/\/przedszkole12.sopot.pl\/index.php?rest_route=\/wp\/v2\/types\/post"}],"author":[{"embeddable":true,"href":"https:\/\/przedszkole12.sopot.pl\/index.php?rest_route=\/wp\/v2\/users\/4"}],"replies":[{"embeddable":true,"href":"https:\/\/przedszkole12.sopot.pl\/index.php?rest_route=%2Fwp%2Fv2%2Fcomments&post=30930"}],"version-history":[{"count":2,"href":"https:\/\/przedszkole12.sopot.pl\/index.php?rest_route=\/wp\/v2\/posts\/30930\/revisions"}],"predecessor-version":[{"id":30935,"href":"https:\/\/przedszkole12.sopot.pl\/index.php?rest_route=\/wp\/v2\/posts\/30930\/revisions\/30935"}],"wp:featuredmedia":[{"embeddable":true,"href":"https:\/\/przedszkole12.sopot.pl\/index.php?rest_route=\/wp\/v2\/media\/30933"}],"wp:attachment":[{"href":"https:\/\/przedszkole12.sopot.pl\/index.php?rest_route=%2Fwp%2Fv2%2Fmedia&parent=30930"}],"wp:term":[{"taxonomy":"category","embeddable":true,"href":"https:\/\/przedszkole12.sopot.pl\/index.php?rest_route=%2Fwp%2Fv2%2Fcategories&post=30930"},{"taxonomy":"post_tag","embeddable":true,"href":"https:\/\/przedszkole12.sopot.pl\/index.php?rest_route=%2Fwp%2Fv2%2Ftags&post=30930"}],"curies":[{"name":"wp","href":"https:\/\/api.w.org\/{rel}","templated":true}]}}