{"id":30630,"date":"2022-10-23T22:06:20","date_gmt":"2022-10-23T22:06:20","guid":{"rendered":"http:\/\/przedszkole12.sopot.pl\/?p=30630"},"modified":"2022-10-23T22:20:50","modified_gmt":"2022-10-23T22:20:50","slug":"wycieczka-do-lasu","status":"publish","type":"post","link":"https:\/\/przedszkole12.sopot.pl\/?p=30630","title":{"rendered":"Wycieczka do lasu"},"content":{"rendered":"<p>Wybrali\u015bmy si\u0119 do lasu. Jesieni\u0105 las jest pi\u0119kny. Drzewa przepuszczaj\u0105 promienie s\u0142oneczne przez pryzmat kolorowych li\u015bci, na \u015bcie\u017ckach uk\u0142adaj\u0105 si\u0119 pi\u0119knie jesienne dywany, jest tak spokojnie i przyjemnie.<\/p>\n<p><!--more--><\/p>\n\n\t\t<style type=\"text\/css\">\n\t\t\t#gallery-1 {\n\t\t\t\tmargin: auto;\n\t\t\t}\n\t\t\t#gallery-1 .gallery-item {\n\t\t\t\tfloat: left;\n\t\t\t\tmargin-top: 10px;\n\t\t\t\ttext-align: center;\n\t\t\t\twidth: 33%;\n\t\t\t}\n\t\t\t#gallery-1 img {\n\t\t\t\tborder: 2px solid #cfcfcf;\n\t\t\t}\n\t\t\t#gallery-1 .gallery-caption {\n\t\t\t\tmargin-left: 0;\n\t\t\t}\n\t\t\t\/* see gallery_shortcode() in wp-includes\/media.php *\/\n\t\t<\/style>\n\t\t<div id='gallery-1' class='gallery galleryid-30630 gallery-columns-3 gallery-size-thumbnail'><dl class='gallery-item'>\n\t\t\t<dt class='gallery-icon landscape'>\n\t\t\t\t<a href='https:\/\/przedszkole12.sopot.pl\/?attachment_id=30639'><img width=\"250\" height=\"250\" src=\"https:\/\/przedszkole12.sopot.pl\/wp-content\/uploads\/2022\/10\/ACEF5EC4-2491-45DA-8D5C-8E49FCD48771-250x250.jpeg\" class=\"attachment-thumbnail size-thumbnail\" alt=\"\" loading=\"lazy\" \/><\/a>\n\t\t\t<\/dt><\/dl><dl class='gallery-item'>\n\t\t\t<dt class='gallery-icon landscape'>\n\t\t\t\t<a href='https:\/\/przedszkole12.sopot.pl\/?attachment_id=30638'><img width=\"250\" height=\"250\" src=\"https:\/\/przedszkole12.sopot.pl\/wp-content\/uploads\/2022\/10\/A0E0F92A-DBAF-4BB1-86AE-DA3DE5F60C84-250x250.jpeg\" class=\"attachment-thumbnail size-thumbnail\" alt=\"\" loading=\"lazy\" \/><\/a>\n\t\t\t<\/dt><\/dl><dl class='gallery-item'>\n\t\t\t<dt class='gallery-icon landscape'>\n\t\t\t\t<a href='https:\/\/przedszkole12.sopot.pl\/?attachment_id=30637'><img width=\"250\" height=\"250\" src=\"https:\/\/przedszkole12.sopot.pl\/wp-content\/uploads\/2022\/10\/38392DFF-6B72-42D3-9ADF-B68EF3C55B58-250x250.jpeg\" class=\"attachment-thumbnail size-thumbnail\" alt=\"\" loading=\"lazy\" \/><\/a>\n\t\t\t<\/dt><\/dl><br style=\"clear: both\" \/><dl class='gallery-item'>\n\t\t\t<dt class='gallery-icon landscape'>\n\t\t\t\t<a href='https:\/\/przedszkole12.sopot.pl\/?attachment_id=30636'><img width=\"250\" height=\"250\" src=\"https:\/\/przedszkole12.sopot.pl\/wp-content\/uploads\/2022\/10\/9302C80F-ADE0-4DD5-8BAB-08E9B0B6074E-250x250.jpeg\" class=\"attachment-thumbnail size-thumbnail\" alt=\"\" loading=\"lazy\" \/><\/a>\n\t\t\t<\/dt><\/dl><dl class='gallery-item'>\n\t\t\t<dt class='gallery-icon landscape'>\n\t\t\t\t<a href='https:\/\/przedszkole12.sopot.pl\/?attachment_id=30634'><img width=\"250\" height=\"250\" src=\"https:\/\/przedszkole12.sopot.pl\/wp-content\/uploads\/2022\/10\/605FA39A-4475-4EB2-BE02-1C31409AFC71-250x250.jpeg\" class=\"attachment-thumbnail size-thumbnail\" alt=\"\" loading=\"lazy\" \/><\/a>\n\t\t\t<\/dt><\/dl><dl class='gallery-item'>\n\t\t\t<dt class='gallery-icon landscape'>\n\t\t\t\t<a href='https:\/\/przedszkole12.sopot.pl\/?attachment_id=30633'><img width=\"250\" height=\"250\" src=\"https:\/\/przedszkole12.sopot.pl\/wp-content\/uploads\/2022\/10\/217B2C70-0365-4F39-BF52-59CA9BCC29D6-250x250.jpeg\" class=\"attachment-thumbnail size-thumbnail\" alt=\"\" loading=\"lazy\" \/><\/a>\n\t\t\t<\/dt><\/dl><br style=\"clear: both\" \/><dl class='gallery-item'>\n\t\t\t<dt class='gallery-icon landscape'>\n\t\t\t\t<a href='https:\/\/przedszkole12.sopot.pl\/?attachment_id=30632'><img width=\"250\" height=\"250\" src=\"https:\/\/przedszkole12.sopot.pl\/wp-content\/uploads\/2022\/10\/4F2468A1-5B48-4999-B968-86B4098908C6-250x250.jpeg\" class=\"attachment-thumbnail size-thumbnail\" alt=\"\" loading=\"lazy\" \/><\/a>\n\t\t\t<\/dt><\/dl><dl class='gallery-item'>\n\t\t\t<dt class='gallery-icon landscape'>\n\t\t\t\t<a href='https:\/\/przedszkole12.sopot.pl\/?attachment_id=30631'><img width=\"250\" height=\"250\" src=\"https:\/\/przedszkole12.sopot.pl\/wp-content\/uploads\/2022\/10\/0DAAC7F2-ADBA-475F-824E-4304000E4882-250x250.jpeg\" class=\"attachment-thumbnail size-thumbnail\" alt=\"\" loading=\"lazy\" \/><\/a>\n\t\t\t<\/dt><\/dl>\n\t\t\t<br style='clear: both' \/>\n\t\t<\/div>\n\n","protected":false},"excerpt":{"rendered":"<p>Wybrali\u015bmy si\u0119 do lasu. Jesieni\u0105 las jest pi\u0119kny. Drzewa przepuszczaj\u0105 promienie s\u0142oneczne przez pryzmat kolorowych li\u015bci, na \u015bcie\u017ckach uk\u0142adaj\u0105 si\u0119 pi\u0119knie jesienne dywany, jest tak spokojnie i przyjemnie.<\/p>\n","protected":false},"author":4,"featured_media":0,"comment_status":"closed","ping_status":"closed","sticky":false,"template":"","format":"standard","meta":[],"categories":[76],"tags":[],"_links":{"self":[{"href":"https:\/\/przedszkole12.sopot.pl\/index.php?rest_route=\/wp\/v2\/posts\/30630"}],"collection":[{"href":"https:\/\/przedszkole12.sopot.pl\/index.php?rest_route=\/wp\/v2\/posts"}],"about":[{"href":"https:\/\/przedszkole12.sopot.pl\/index.php?rest_route=\/wp\/v2\/types\/post"}],"author":[{"embeddable":true,"href":"https:\/\/przedszkole12.sopot.pl\/index.php?rest_route=\/wp\/v2\/users\/4"}],"replies":[{"embeddable":true,"href":"https:\/\/przedszkole12.sopot.pl\/index.php?rest_route=%2Fwp%2Fv2%2Fcomments&post=30630"}],"version-history":[{"count":3,"href":"https:\/\/przedszkole12.sopot.pl\/index.php?rest_route=\/wp\/v2\/posts\/30630\/revisions"}],"predecessor-version":[{"id":30663,"href":"https:\/\/przedszkole12.sopot.pl\/index.php?rest_route=\/wp\/v2\/posts\/30630\/revisions\/30663"}],"wp:attachment":[{"href":"https:\/\/przedszkole12.sopot.pl\/index.php?rest_route=%2Fwp%2Fv2%2Fmedia&parent=30630"}],"wp:term":[{"taxonomy":"category","embeddable":true,"href":"https:\/\/przedszkole12.sopot.pl\/index.php?rest_route=%2Fwp%2Fv2%2Fcategories&post=30630"},{"taxonomy":"post_tag","embeddable":true,"href":"https:\/\/przedszkole12.sopot.pl\/index.php?rest_route=%2Fwp%2Fv2%2Ftags&post=30630"}],"curies":[{"name":"wp","href":"https:\/\/api.w.org\/{rel}","templated":true}]}}