{"id":30591,"date":"2022-10-23T21:42:28","date_gmt":"2022-10-23T21:42:28","guid":{"rendered":"http:\/\/przedszkole12.sopot.pl\/?p=30591"},"modified":"2022-10-23T21:45:08","modified_gmt":"2022-10-23T21:45:08","slug":"cykl-zajec-o-jesieni","status":"publish","type":"post","link":"https:\/\/przedszkole12.sopot.pl\/?p=30591","title":{"rendered":"Cykl zaj\u0119\u0107 o Jesieni"},"content":{"rendered":"<p>O Jesieni mo\u017cna m\u00f3wi\u0107 bardzo du\u017co, to bardzo ciekawa pora roku.<br \/>\nDzieci z naszej grupy ju\u017c du\u017co o niej wiedz\u0105 \ud83d\ude42<\/p>\n<p>&nbsp;<\/p>\n<p><!--more--><\/p>\n\n\t\t<style type=\"text\/css\">\n\t\t\t#gallery-1 {\n\t\t\t\tmargin: auto;\n\t\t\t}\n\t\t\t#gallery-1 .gallery-item {\n\t\t\t\tfloat: left;\n\t\t\t\tmargin-top: 10px;\n\t\t\t\ttext-align: center;\n\t\t\t\twidth: 33%;\n\t\t\t}\n\t\t\t#gallery-1 img {\n\t\t\t\tborder: 2px solid #cfcfcf;\n\t\t\t}\n\t\t\t#gallery-1 .gallery-caption {\n\t\t\t\tmargin-left: 0;\n\t\t\t}\n\t\t\t\/* see gallery_shortcode() in wp-includes\/media.php *\/\n\t\t<\/style>\n\t\t<div id='gallery-1' class='gallery galleryid-30591 gallery-columns-3 gallery-size-thumbnail'><dl class='gallery-item'>\n\t\t\t<dt class='gallery-icon landscape'>\n\t\t\t\t<a href='https:\/\/przedszkole12.sopot.pl\/?attachment_id=30605'><img width=\"250\" height=\"250\" src=\"https:\/\/przedszkole12.sopot.pl\/wp-content\/uploads\/2022\/10\/20221010_092257-2-250x250.jpg\" class=\"attachment-thumbnail size-thumbnail\" alt=\"\" loading=\"lazy\" srcset=\"https:\/\/przedszkole12.sopot.pl\/wp-content\/uploads\/2022\/10\/20221010_092257-2-250x250.jpg 250w, https:\/\/przedszkole12.sopot.pl\/wp-content\/uploads\/2022\/10\/20221010_092257-2-380x380.jpg 380w, https:\/\/przedszkole12.sopot.pl\/wp-content\/uploads\/2022\/10\/20221010_092257-2-768x768.jpg 768w, https:\/\/przedszkole12.sopot.pl\/wp-content\/uploads\/2022\/10\/20221010_092257-2.jpg 800w\" sizes=\"(max-width: 250px) 100vw, 250px\" \/><\/a>\n\t\t\t<\/dt><\/dl><dl class='gallery-item'>\n\t\t\t<dt class='gallery-icon landscape'>\n\t\t\t\t<a href='https:\/\/przedszkole12.sopot.pl\/?attachment_id=30606'><img width=\"250\" height=\"250\" src=\"https:\/\/przedszkole12.sopot.pl\/wp-content\/uploads\/2022\/10\/20221010_092444-2-250x250.jpg\" class=\"attachment-thumbnail size-thumbnail\" alt=\"\" loading=\"lazy\" srcset=\"https:\/\/przedszkole12.sopot.pl\/wp-content\/uploads\/2022\/10\/20221010_092444-2-250x250.jpg 250w, https:\/\/przedszkole12.sopot.pl\/wp-content\/uploads\/2022\/10\/20221010_092444-2-380x380.jpg 380w, https:\/\/przedszkole12.sopot.pl\/wp-content\/uploads\/2022\/10\/20221010_092444-2-768x768.jpg 768w, https:\/\/przedszkole12.sopot.pl\/wp-content\/uploads\/2022\/10\/20221010_092444-2.jpg 800w\" sizes=\"(max-width: 250px) 100vw, 250px\" \/><\/a>\n\t\t\t<\/dt><\/dl><dl class='gallery-item'>\n\t\t\t<dt class='gallery-icon landscape'>\n\t\t\t\t<a href='https:\/\/przedszkole12.sopot.pl\/?attachment_id=30607'><img width=\"250\" height=\"250\" src=\"https:\/\/przedszkole12.sopot.pl\/wp-content\/uploads\/2022\/10\/20221013_093144-2-250x250.jpg\" class=\"attachment-thumbnail size-thumbnail\" alt=\"\" loading=\"lazy\" srcset=\"https:\/\/przedszkole12.sopot.pl\/wp-content\/uploads\/2022\/10\/20221013_093144-2-250x250.jpg 250w, https:\/\/przedszkole12.sopot.pl\/wp-content\/uploads\/2022\/10\/20221013_093144-2-380x380.jpg 380w, https:\/\/przedszkole12.sopot.pl\/wp-content\/uploads\/2022\/10\/20221013_093144-2-768x768.jpg 768w, https:\/\/przedszkole12.sopot.pl\/wp-content\/uploads\/2022\/10\/20221013_093144-2.jpg 800w\" sizes=\"(max-width: 250px) 100vw, 250px\" \/><\/a>\n\t\t\t<\/dt><\/dl><br style=\"clear: both\" \/><dl class='gallery-item'>\n\t\t\t<dt class='gallery-icon landscape'>\n\t\t\t\t<a href='https:\/\/przedszkole12.sopot.pl\/?attachment_id=30608'><img width=\"250\" height=\"250\" src=\"https:\/\/przedszkole12.sopot.pl\/wp-content\/uploads\/2022\/10\/20221013_093401-2-250x250.jpg\" class=\"attachment-thumbnail size-thumbnail\" alt=\"\" loading=\"lazy\" srcset=\"https:\/\/przedszkole12.sopot.pl\/wp-content\/uploads\/2022\/10\/20221013_093401-2-250x250.jpg 250w, https:\/\/przedszkole12.sopot.pl\/wp-content\/uploads\/2022\/10\/20221013_093401-2-380x380.jpg 380w, https:\/\/przedszkole12.sopot.pl\/wp-content\/uploads\/2022\/10\/20221013_093401-2-768x768.jpg 768w, https:\/\/przedszkole12.sopot.pl\/wp-content\/uploads\/2022\/10\/20221013_093401-2.jpg 800w\" sizes=\"(max-width: 250px) 100vw, 250px\" \/><\/a>\n\t\t\t<\/dt><\/dl><dl class='gallery-item'>\n\t\t\t<dt class='gallery-icon landscape'>\n\t\t\t\t<a href='https:\/\/przedszkole12.sopot.pl\/?attachment_id=30609'><img width=\"250\" height=\"250\" src=\"https:\/\/przedszkole12.sopot.pl\/wp-content\/uploads\/2022\/10\/20221013_093416-1-250x250.jpg\" class=\"attachment-thumbnail size-thumbnail\" alt=\"\" loading=\"lazy\" srcset=\"https:\/\/przedszkole12.sopot.pl\/wp-content\/uploads\/2022\/10\/20221013_093416-1-250x250.jpg 250w, https:\/\/przedszkole12.sopot.pl\/wp-content\/uploads\/2022\/10\/20221013_093416-1-380x380.jpg 380w, https:\/\/przedszkole12.sopot.pl\/wp-content\/uploads\/2022\/10\/20221013_093416-1-768x768.jpg 768w, https:\/\/przedszkole12.sopot.pl\/wp-content\/uploads\/2022\/10\/20221013_093416-1.jpg 800w\" sizes=\"(max-width: 250px) 100vw, 250px\" \/><\/a>\n\t\t\t<\/dt><\/dl><dl class='gallery-item'>\n\t\t\t<dt class='gallery-icon landscape'>\n\t\t\t\t<a href='https:\/\/przedszkole12.sopot.pl\/?attachment_id=30610'><img width=\"250\" height=\"250\" src=\"https:\/\/przedszkole12.sopot.pl\/wp-content\/uploads\/2022\/10\/20221013_093430-2-250x250.jpg\" class=\"attachment-thumbnail size-thumbnail\" alt=\"\" loading=\"lazy\" srcset=\"https:\/\/przedszkole12.sopot.pl\/wp-content\/uploads\/2022\/10\/20221013_093430-2-250x250.jpg 250w, https:\/\/przedszkole12.sopot.pl\/wp-content\/uploads\/2022\/10\/20221013_093430-2-380x380.jpg 380w, https:\/\/przedszkole12.sopot.pl\/wp-content\/uploads\/2022\/10\/20221013_093430-2-768x768.jpg 768w, https:\/\/przedszkole12.sopot.pl\/wp-content\/uploads\/2022\/10\/20221013_093430-2.jpg 800w\" sizes=\"(max-width: 250px) 100vw, 250px\" \/><\/a>\n\t\t\t<\/dt><\/dl><br style=\"clear: both\" \/>\n\t\t<\/div>\n\n<p>&nbsp;<\/p>\n","protected":false},"excerpt":{"rendered":"<p>O Jesieni mo\u017cna m\u00f3wi\u0107 bardzo du\u017co, to bardzo ciekawa pora roku. Dzieci z naszej grupy ju\u017c du\u017co o niej wiedz\u0105 \ud83d\ude42 &nbsp;<\/p>\n","protected":false},"author":4,"featured_media":0,"comment_status":"closed","ping_status":"closed","sticky":false,"template":"","format":"standard","meta":[],"categories":[76],"tags":[],"_links":{"self":[{"href":"https:\/\/przedszkole12.sopot.pl\/index.php?rest_route=\/wp\/v2\/posts\/30591"}],"collection":[{"href":"https:\/\/przedszkole12.sopot.pl\/index.php?rest_route=\/wp\/v2\/posts"}],"about":[{"href":"https:\/\/przedszkole12.sopot.pl\/index.php?rest_route=\/wp\/v2\/types\/post"}],"author":[{"embeddable":true,"href":"https:\/\/przedszkole12.sopot.pl\/index.php?rest_route=\/wp\/v2\/users\/4"}],"replies":[{"embeddable":true,"href":"https:\/\/przedszkole12.sopot.pl\/index.php?rest_route=%2Fwp%2Fv2%2Fcomments&post=30591"}],"version-history":[{"count":1,"href":"https:\/\/przedszkole12.sopot.pl\/index.php?rest_route=\/wp\/v2\/posts\/30591\/revisions"}],"predecessor-version":[{"id":30611,"href":"https:\/\/przedszkole12.sopot.pl\/index.php?rest_route=\/wp\/v2\/posts\/30591\/revisions\/30611"}],"wp:attachment":[{"href":"https:\/\/przedszkole12.sopot.pl\/index.php?rest_route=%2Fwp%2Fv2%2Fmedia&parent=30591"}],"wp:term":[{"taxonomy":"category","embeddable":true,"href":"https:\/\/przedszkole12.sopot.pl\/index.php?rest_route=%2Fwp%2Fv2%2Fcategories&post=30591"},{"taxonomy":"post_tag","embeddable":true,"href":"https:\/\/przedszkole12.sopot.pl\/index.php?rest_route=%2Fwp%2Fv2%2Ftags&post=30591"}],"curies":[{"name":"wp","href":"https:\/\/api.w.org\/{rel}","templated":true}]}}