{"id":30389,"date":"2022-10-07T11:09:04","date_gmt":"2022-10-07T11:09:04","guid":{"rendered":"http:\/\/przedszkole12.sopot.pl\/?p=30389"},"modified":"2022-10-07T19:38:01","modified_gmt":"2022-10-07T19:38:01","slug":"dokad-noca-tupta-jez","status":"publish","type":"post","link":"https:\/\/przedszkole12.sopot.pl\/?p=30389","title":{"rendered":"DOK\u0104D NOC\u0104 TUPTA JE\u017b ?"},"content":{"rendered":"<p>Pod koniec wrze\u015bnia br. dzieci z naszej grupy wzi\u0119\u0142y udzia\u0142 w projekcie organizowanym przez nasze miasto &#8211; Sopot Naturalnie Zielony, polegaj\u0105cy na stworzeniu je\u017com bezpiecznego schronienia podczas zimowego snu oraz ostoj\u0119 dla m\u0142odych je\u017cy w okresie l\u0119gowym.<\/p>\n<p>Rodzice\u00a0 Kai, jako mieszka\u0144cy Sopotu, zorganizowali z Urz\u0119du Miasta domek dla je\u017cy, kt\u00f3ry dzieci dostosowa\u0142y, zabezpieczy\u0142y oraz ulokowa\u0142y na terenie naszego przedszkola, w ustronnym miejscu.<\/p>\n<p>Akcja, w kt\u00f3r\u0105 dzieci si\u0119 zaanga\u017cowa\u0142y uwra\u017cliwia je na naturalne \u015brodowisko wszystkich zwierz\u0105t, a przede wszystkim obj\u0119tych ochron\u0105.<\/p>\n<p>Wszystkim je\u017com \u017cyczymy bezpiecznej zimy!<!--more--><\/p>\n\n\t\t<style type=\"text\/css\">\n\t\t\t#gallery-1 {\n\t\t\t\tmargin: auto;\n\t\t\t}\n\t\t\t#gallery-1 .gallery-item {\n\t\t\t\tfloat: left;\n\t\t\t\tmargin-top: 10px;\n\t\t\t\ttext-align: center;\n\t\t\t\twidth: 20%;\n\t\t\t}\n\t\t\t#gallery-1 img {\n\t\t\t\tborder: 2px solid #cfcfcf;\n\t\t\t}\n\t\t\t#gallery-1 .gallery-caption {\n\t\t\t\tmargin-left: 0;\n\t\t\t}\n\t\t\t\/* see gallery_shortcode() in wp-includes\/media.php *\/\n\t\t<\/style>\n\t\t<div id='gallery-1' class='gallery galleryid-30389 gallery-columns-5 gallery-size-thumbnail'><dl class='gallery-item'>\n\t\t\t<dt class='gallery-icon portrait'>\n\t\t\t\t<a href='https:\/\/przedszkole12.sopot.pl\/?attachment_id=30391'><img width=\"250\" height=\"250\" src=\"https:\/\/przedszkole12.sopot.pl\/wp-content\/uploads\/2022\/10\/jez-250x250.jpg\" class=\"attachment-thumbnail size-thumbnail\" alt=\"\" loading=\"lazy\" \/><\/a>\n\t\t\t<\/dt><\/dl><dl class='gallery-item'>\n\t\t\t<dt class='gallery-icon portrait'>\n\t\t\t\t<a href='https:\/\/przedszkole12.sopot.pl\/?attachment_id=30390'><img width=\"250\" height=\"250\" src=\"https:\/\/przedszkole12.sopot.pl\/wp-content\/uploads\/2022\/10\/jez3-250x250.jpg\" class=\"attachment-thumbnail size-thumbnail\" alt=\"\" loading=\"lazy\" \/><\/a>\n\t\t\t<\/dt><\/dl>\n\t\t\t<br style='clear: both' \/>\n\t\t<\/div>\n\n<p>&nbsp;<\/p>\n","protected":false},"excerpt":{"rendered":"<p>Pod koniec wrze\u015bnia br. dzieci z naszej grupy wzi\u0119\u0142y udzia\u0142 w projekcie organizowanym przez nasze miasto &#8211; Sopot Naturalnie Zielony, polegaj\u0105cy na stworzeniu je\u017com bezpiecznego schronienia podczas zimowego snu oraz ostoj\u0119 dla m\u0142odych je\u017cy w okresie l\u0119gowym. Rodzice\u00a0 Kai, jako mieszka\u0144cy Sopotu, zorganizowali z Urz\u0119du Miasta domek dla je\u017cy, kt\u00f3ry dzieci dostosowa\u0142y, zabezpieczy\u0142y oraz ulokowa\u0142y na terenie naszego przedszkola, w ustronnym miejscu. Akcja, w kt\u00f3r\u0105 dzieci si\u0119 zaanga\u017cowa\u0142y uwra\u017cliwia je na naturalne \u015brodowisko wszystkich zwierz\u0105t, a przede wszystkim obj\u0119tych ochron\u0105. Wszystkim je\u017com \u017cyczymy bezpiecznej zimy!<\/p>\n","protected":false},"author":4,"featured_media":30392,"comment_status":"closed","ping_status":"closed","sticky":false,"template":"","format":"standard","meta":[],"categories":[79],"tags":[],"_links":{"self":[{"href":"https:\/\/przedszkole12.sopot.pl\/index.php?rest_route=\/wp\/v2\/posts\/30389"}],"collection":[{"href":"https:\/\/przedszkole12.sopot.pl\/index.php?rest_route=\/wp\/v2\/posts"}],"about":[{"href":"https:\/\/przedszkole12.sopot.pl\/index.php?rest_route=\/wp\/v2\/types\/post"}],"author":[{"embeddable":true,"href":"https:\/\/przedszkole12.sopot.pl\/index.php?rest_route=\/wp\/v2\/users\/4"}],"replies":[{"embeddable":true,"href":"https:\/\/przedszkole12.sopot.pl\/index.php?rest_route=%2Fwp%2Fv2%2Fcomments&post=30389"}],"version-history":[{"count":5,"href":"https:\/\/przedszkole12.sopot.pl\/index.php?rest_route=\/wp\/v2\/posts\/30389\/revisions"}],"predecessor-version":[{"id":30413,"href":"https:\/\/przedszkole12.sopot.pl\/index.php?rest_route=\/wp\/v2\/posts\/30389\/revisions\/30413"}],"wp:featuredmedia":[{"embeddable":true,"href":"https:\/\/przedszkole12.sopot.pl\/index.php?rest_route=\/wp\/v2\/media\/30392"}],"wp:attachment":[{"href":"https:\/\/przedszkole12.sopot.pl\/index.php?rest_route=%2Fwp%2Fv2%2Fmedia&parent=30389"}],"wp:term":[{"taxonomy":"category","embeddable":true,"href":"https:\/\/przedszkole12.sopot.pl\/index.php?rest_route=%2Fwp%2Fv2%2Fcategories&post=30389"},{"taxonomy":"post_tag","embeddable":true,"href":"https:\/\/przedszkole12.sopot.pl\/index.php?rest_route=%2Fwp%2Fv2%2Ftags&post=30389"}],"curies":[{"name":"wp","href":"https:\/\/api.w.org\/{rel}","templated":true}]}}