{"id":30279,"date":"2022-09-26T10:02:45","date_gmt":"2022-09-26T10:02:45","guid":{"rendered":"http:\/\/przedszkole12.sopot.pl\/?p=30279"},"modified":"2022-09-26T10:02:45","modified_gmt":"2022-09-26T10:02:45","slug":"sprzatanie-swiata-2022","status":"publish","type":"post","link":"https:\/\/przedszkole12.sopot.pl\/?p=30279","title":{"rendered":"Sprz\u0105tanie \u015bwiata 2022"},"content":{"rendered":"<p>W tym roku po raz 29 odby\u0142a si\u0119 w Polsce akcja &#8222;Sprz\u0105tanie \u015bwiata&#8221;. Tegoroczne has\u0142o to &#8222;Wszystkie \u015bmieci s\u0105 nasze&#8221;, Dzieci w naszej grupie uczestniczy\u0142y w zaj\u0119ciach maj\u0105cych na celu zach\u0119canie do dbania o planet\u0119 a nast\u0119pnie wykona\u0142y pi\u0119kne prace plastyczne. Tu\u017c po zaj\u0119ciach, podczas pobytu na placu zabaw, dzieci wyruszy\u0142y na poszukiwania \u015bmieci.<!--more--><\/p>\n\n\t\t<style type=\"text\/css\">\n\t\t\t#gallery-1 {\n\t\t\t\tmargin: auto;\n\t\t\t}\n\t\t\t#gallery-1 .gallery-item {\n\t\t\t\tfloat: left;\n\t\t\t\tmargin-top: 10px;\n\t\t\t\ttext-align: center;\n\t\t\t\twidth: 20%;\n\t\t\t}\n\t\t\t#gallery-1 img {\n\t\t\t\tborder: 2px solid #cfcfcf;\n\t\t\t}\n\t\t\t#gallery-1 .gallery-caption {\n\t\t\t\tmargin-left: 0;\n\t\t\t}\n\t\t\t\/* see gallery_shortcode() in wp-includes\/media.php *\/\n\t\t<\/style>\n\t\t<div id='gallery-1' class='gallery galleryid-30279 gallery-columns-5 gallery-size-thumbnail'><dl class='gallery-item'>\n\t\t\t<dt class='gallery-icon landscape'>\n\t\t\t\t<a href='https:\/\/przedszkole12.sopot.pl\/?attachment_id=30280'><img width=\"250\" height=\"250\" src=\"https:\/\/przedszkole12.sopot.pl\/wp-content\/uploads\/2022\/09\/IMG_20220919_112236-250x250.jpg\" class=\"attachment-thumbnail size-thumbnail\" alt=\"\" loading=\"lazy\" \/><\/a>\n\t\t\t<\/dt><\/dl><dl class='gallery-item'>\n\t\t\t<dt class='gallery-icon landscape'>\n\t\t\t\t<a href='https:\/\/przedszkole12.sopot.pl\/?attachment_id=30281'><img width=\"250\" height=\"250\" src=\"https:\/\/przedszkole12.sopot.pl\/wp-content\/uploads\/2022\/09\/IMG_20220919_112305-250x250.jpg\" class=\"attachment-thumbnail size-thumbnail\" alt=\"\" loading=\"lazy\" \/><\/a>\n\t\t\t<\/dt><\/dl><dl class='gallery-item'>\n\t\t\t<dt class='gallery-icon landscape'>\n\t\t\t\t<a href='https:\/\/przedszkole12.sopot.pl\/?attachment_id=30282'><img width=\"250\" height=\"250\" src=\"https:\/\/przedszkole12.sopot.pl\/wp-content\/uploads\/2022\/09\/IMG_20220919_125004-250x250.jpg\" class=\"attachment-thumbnail size-thumbnail\" alt=\"\" loading=\"lazy\" \/><\/a>\n\t\t\t<\/dt><\/dl>\n\t\t\t<br style='clear: both' \/>\n\t\t<\/div>\n\n","protected":false},"excerpt":{"rendered":"<p>W tym roku po raz 29 odby\u0142a si\u0119 w Polsce akcja &#8222;Sprz\u0105tanie \u015bwiata&#8221;. Tegoroczne has\u0142o to &#8222;Wszystkie \u015bmieci s\u0105 nasze&#8221;, Dzieci w naszej grupie uczestniczy\u0142y w zaj\u0119ciach maj\u0105cych na celu zach\u0119canie do dbania o planet\u0119 a nast\u0119pnie wykona\u0142y pi\u0119kne prace plastyczne. Tu\u017c po zaj\u0119ciach, podczas pobytu na placu zabaw, dzieci wyruszy\u0142y na poszukiwania \u015bmieci.<\/p>\n","protected":false},"author":4,"featured_media":30283,"comment_status":"closed","ping_status":"closed","sticky":false,"template":"","format":"standard","meta":[],"categories":[79],"tags":[],"_links":{"self":[{"href":"https:\/\/przedszkole12.sopot.pl\/index.php?rest_route=\/wp\/v2\/posts\/30279"}],"collection":[{"href":"https:\/\/przedszkole12.sopot.pl\/index.php?rest_route=\/wp\/v2\/posts"}],"about":[{"href":"https:\/\/przedszkole12.sopot.pl\/index.php?rest_route=\/wp\/v2\/types\/post"}],"author":[{"embeddable":true,"href":"https:\/\/przedszkole12.sopot.pl\/index.php?rest_route=\/wp\/v2\/users\/4"}],"replies":[{"embeddable":true,"href":"https:\/\/przedszkole12.sopot.pl\/index.php?rest_route=%2Fwp%2Fv2%2Fcomments&post=30279"}],"version-history":[{"count":2,"href":"https:\/\/przedszkole12.sopot.pl\/index.php?rest_route=\/wp\/v2\/posts\/30279\/revisions"}],"predecessor-version":[{"id":30285,"href":"https:\/\/przedszkole12.sopot.pl\/index.php?rest_route=\/wp\/v2\/posts\/30279\/revisions\/30285"}],"wp:featuredmedia":[{"embeddable":true,"href":"https:\/\/przedszkole12.sopot.pl\/index.php?rest_route=\/wp\/v2\/media\/30283"}],"wp:attachment":[{"href":"https:\/\/przedszkole12.sopot.pl\/index.php?rest_route=%2Fwp%2Fv2%2Fmedia&parent=30279"}],"wp:term":[{"taxonomy":"category","embeddable":true,"href":"https:\/\/przedszkole12.sopot.pl\/index.php?rest_route=%2Fwp%2Fv2%2Fcategories&post=30279"},{"taxonomy":"post_tag","embeddable":true,"href":"https:\/\/przedszkole12.sopot.pl\/index.php?rest_route=%2Fwp%2Fv2%2Ftags&post=30279"}],"curies":[{"name":"wp","href":"https:\/\/api.w.org\/{rel}","templated":true}]}}