{"id":20161,"date":"2020-12-14T14:15:04","date_gmt":"2020-12-14T14:15:04","guid":{"rendered":"http:\/\/przedszkole12.sopot.pl\/?p=20161"},"modified":"2020-12-14T14:15:42","modified_gmt":"2020-12-14T14:15:42","slug":"20161","status":"publish","type":"post","link":"https:\/\/przedszkole12.sopot.pl\/?p=20161","title":{"rendered":""},"content":{"rendered":"<h4 style=\"text-align: center;\">Kochani Rodzice!<\/h4>\n<h4 style=\"text-align: center;\">Na pro\u015bb\u0119 rodzic\u00f3w nasze przedstawienie zosta\u0142o przeniesione <strong>na czwartek 17 grudnia.<\/strong><\/h4>\n<h4 style=\"text-align: center;\">W zwi\u0105zku z tym bardzo prosimy tego dnia rano przynosi\u0107 stroje dzieci na przebranie. Przypominamy, \u017ce dziewczynki maj\u0105 by\u0107 anio\u0142kami a ch\u0142opcy pasterzami.<\/h4>\n<h4 style=\"text-align: center;\">Bardzo prosimy o nauk\u0119 roli indywidualnej z dzieckiem. Zaledwie po\u0142owa grupy ma je opanowane, co bardzo utrudnia pr\u00f3by.<\/h4>\n<h4 style=\"text-align: right;\">Serdecznie dzi\u0119kujemy za wsp\u00f3\u0142prac\u0119:)<\/h4>\n","protected":false},"excerpt":{"rendered":"<p>Kochani Rodzice! Na pro\u015bb\u0119 rodzic\u00f3w nasze przedstawienie zosta\u0142o przeniesione na czwartek 17 grudnia. W zwi\u0105zku z tym bardzo prosimy tego dnia rano przynosi\u0107 stroje dzieci na przebranie. Przypominamy, \u017ce dziewczynki maj\u0105 by\u0107 anio\u0142kami a ch\u0142opcy pasterzami. Bardzo prosimy o nauk\u0119 roli indywidualnej z dzieckiem. Zaledwie po\u0142owa grupy ma je opanowane, co bardzo utrudnia pr\u00f3by. Serdecznie dzi\u0119kujemy za wsp\u00f3\u0142prac\u0119:)<\/p>\n","protected":false},"author":4,"featured_media":0,"comment_status":"closed","ping_status":"closed","sticky":false,"template":"","format":"standard","meta":[],"categories":[18],"tags":[],"_links":{"self":[{"href":"https:\/\/przedszkole12.sopot.pl\/index.php?rest_route=\/wp\/v2\/posts\/20161"}],"collection":[{"href":"https:\/\/przedszkole12.sopot.pl\/index.php?rest_route=\/wp\/v2\/posts"}],"about":[{"href":"https:\/\/przedszkole12.sopot.pl\/index.php?rest_route=\/wp\/v2\/types\/post"}],"author":[{"embeddable":true,"href":"https:\/\/przedszkole12.sopot.pl\/index.php?rest_route=\/wp\/v2\/users\/4"}],"replies":[{"embeddable":true,"href":"https:\/\/przedszkole12.sopot.pl\/index.php?rest_route=%2Fwp%2Fv2%2Fcomments&post=20161"}],"version-history":[{"count":2,"href":"https:\/\/przedszkole12.sopot.pl\/index.php?rest_route=\/wp\/v2\/posts\/20161\/revisions"}],"predecessor-version":[{"id":20163,"href":"https:\/\/przedszkole12.sopot.pl\/index.php?rest_route=\/wp\/v2\/posts\/20161\/revisions\/20163"}],"wp:attachment":[{"href":"https:\/\/przedszkole12.sopot.pl\/index.php?rest_route=%2Fwp%2Fv2%2Fmedia&parent=20161"}],"wp:term":[{"taxonomy":"category","embeddable":true,"href":"https:\/\/przedszkole12.sopot.pl\/index.php?rest_route=%2Fwp%2Fv2%2Fcategories&post=20161"},{"taxonomy":"post_tag","embeddable":true,"href":"https:\/\/przedszkole12.sopot.pl\/index.php?rest_route=%2Fwp%2Fv2%2Ftags&post=20161"}],"curies":[{"name":"wp","href":"https:\/\/api.w.org\/{rel}","templated":true}]}}